{"id":8216,"date":"2024-03-14T06:59:00","date_gmt":"2024-03-14T04:59:00","guid":{"rendered":"https:\/\/tkg-duisburg.de\/?p=8216"},"modified":"2024-03-14T06:59:02","modified_gmt":"2024-03-14T04:59:02","slug":"nie-mehr-vergessen-gedenkstaettenfahrt-nach-dachau","status":"publish","type":"post","link":"https:\/\/tkg-duisburg.de\/?p=8216","title":{"rendered":"Nie mehr vergessen \u2013 Gedenkst\u00e4ttenfahrt nach Dachau"},"content":{"rendered":"\n<p>Das ehemalige nationalsozialistische Konzentrationslager Dachau in der N\u00e4he von M\u00fcnchen war das am l\u00e4ngsten bestehende Lager aus dieser Zeit. Unter menschenverachtenden Bedingungen hielten die Nazis hier von 1933 bis 1945 zehntausende Menschen gefangen, folterten und mordeten.<\/p>\n\n\n\n<p><\/p>\n\n\n<div class=\"wp-block-image\">\n<figure class=\"aligncenter size-large\"><img loading=\"lazy\" decoding=\"async\" width=\"1024\" height=\"768\" src=\"https:\/\/tkg-duisburg.de\/wp-content\/uploads\/2024\/03\/Mahnmal-1024x768.jpeg\" alt=\"\" class=\"wp-image-8217\" srcset=\"https:\/\/tkg-duisburg.de\/wp-content\/uploads\/2024\/03\/Mahnmal-1024x768.jpeg 1024w, https:\/\/tkg-duisburg.de\/wp-content\/uploads\/2024\/03\/Mahnmal-300x225.jpeg 300w, https:\/\/tkg-duisburg.de\/wp-content\/uploads\/2024\/03\/Mahnmal-1536x1152.jpeg 1536w, https:\/\/tkg-duisburg.de\/wp-content\/uploads\/2024\/03\/Mahnmal.jpeg 1600w\" sizes=\"auto, (max-width: 1024px) 100vw, 1024px\" \/><\/figure>\n<\/div>\n\n\n<p>Vom 4. bis zum 7. M\u00e4rz besuchte eine Gruppe von Sch\u00fclern und Sch\u00fclerinnen der TKG zusammen mit den begleitenden Lehrkr\u00e4ften Frau Uzun und Herrn Schneider die Gedenkst\u00e4tte in Dachau. Die Fahrt wurde zusammen mit der Konrad-Adenauer-Stiftung organisiert und bot insgesamt 23 Jugendlichen aus unseren Jahrg\u00e4ngen 10, EF und Q1 die M\u00f6glichkeit sich mit diesem ernsten Thema im Rahmen verschiedener Workshops und F\u00fchrungen vor Ort zu befassen.<\/p>\n\n\n\n<!--more-->\n\n\n<div class=\"wp-block-image\">\n<figure class=\"alignleft size-large is-resized\"><img loading=\"lazy\" decoding=\"async\" src=\"https:\/\/tkg-duisburg.de\/wp-content\/uploads\/2024\/03\/KZ-in-Europa-1024x768.jpeg\" alt=\"\" class=\"wp-image-8220\" width=\"281\" height=\"209\"\/><\/figure>\n<\/div>\n\n\n<p>Nach langer Busfahrt und Ankunft in Dachau am fr\u00fchen Nachmittag, bereitete sich die Gruppe zun\u00e4chst unter der Anleitung von zwei p\u00e4dagogischen Mitarbeiterinnen auf den Besuch der Gedenkst\u00e4tte am n\u00e4chsten Tag vor. Die Sch\u00fcler und Sch\u00fclerinnen zeigten sich sehr interessiert und hatten viele Fragen, welche f\u00fcr die F\u00fchrung im ehemaligen Lager festgehalten wurden.<\/p>\n\n\n\n<p>Der Dienstag war ganz f\u00fcr die Begehung der KZ-Gedenkst\u00e4tte reserviert. Am Vormittag gab es zun\u00e4chst eine F\u00fchrung der p\u00e4dagogischen Mitarbeiterinnen \u00fcber das Gel\u00e4nde. Am Nachmittag hatten die Jugendlichen die Gelegenheit das ehemalige Lager und das Museum selbst\u00e4ndig zu begehen.<\/p>\n\n\n\n<figure class=\"wp-block-image size-large\"><img loading=\"lazy\" decoding=\"async\" width=\"1024\" height=\"768\" src=\"https:\/\/tkg-duisburg.de\/wp-content\/uploads\/2024\/03\/Zeitzeuge-Abba-Naor-1024x768.jpeg\" alt=\"\" class=\"wp-image-8219\" srcset=\"https:\/\/tkg-duisburg.de\/wp-content\/uploads\/2024\/03\/Zeitzeuge-Abba-Naor-1024x768.jpeg 1024w, https:\/\/tkg-duisburg.de\/wp-content\/uploads\/2024\/03\/Zeitzeuge-Abba-Naor-300x225.jpeg 300w, https:\/\/tkg-duisburg.de\/wp-content\/uploads\/2024\/03\/Zeitzeuge-Abba-Naor-1536x1152.jpeg 1536w, https:\/\/tkg-duisburg.de\/wp-content\/uploads\/2024\/03\/Zeitzeuge-Abba-Naor.jpeg 1600w\" sizes=\"auto, (max-width: 1024px) 100vw, 1024px\" \/><\/figure>\n\n\n\n<p>Am Mittwoch fuhr die Reisegruppe mit der Bahn in das benachbarte M\u00fcnchen. Die bayrische Hauptstadt spielte im Nationalsozialismus eine besondere Rolle, da die NSDAP dort im Jahr 1920 gegr\u00fcndet wurde. Auch der gescheiterte \u201eHitlerputsch\u201c von 1923 fand in M\u00fcnchen statt. Im Rahmen einer Stadtf\u00fchrung \u201eM\u00fcnchen im Nationalsozialismus\u201c gewannen die Sch\u00fcler und Sch\u00fclerinnen einen Eindruck, wie sich die Nazi-Ideologie in M\u00fcnchen ausbreitete und im Alltag manifestierte. Nach der Mittagspause wurde bei einer F\u00fchrung durch das NS-Dokumentationszentrum auf Aspekte aus der Stadtf\u00fchrung eingegangen und diese vertieft.<\/p>\n\n\n<div class=\"wp-block-image\">\n<figure class=\"alignright size-large is-resized\"><img loading=\"lazy\" decoding=\"async\" src=\"https:\/\/tkg-duisburg.de\/wp-content\/uploads\/2024\/03\/Dachau-Tor-768x1024.jpeg\" alt=\"\" class=\"wp-image-8221\" width=\"202\" height=\"269\" srcset=\"https:\/\/tkg-duisburg.de\/wp-content\/uploads\/2024\/03\/Dachau-Tor-768x1024.jpeg 768w, https:\/\/tkg-duisburg.de\/wp-content\/uploads\/2024\/03\/Dachau-Tor-225x300.jpeg 225w, https:\/\/tkg-duisburg.de\/wp-content\/uploads\/2024\/03\/Dachau-Tor-150x200.jpeg 150w, https:\/\/tkg-duisburg.de\/wp-content\/uploads\/2024\/03\/Dachau-Tor-1152x1536.jpeg 1152w, https:\/\/tkg-duisburg.de\/wp-content\/uploads\/2024\/03\/Dachau-Tor.jpeg 1200w\" sizes=\"auto, (max-width: 202px) 100vw, 202px\" \/><\/figure>\n<\/div>\n\n\n<p>Bevor die Heimreise am Donnerstagmittag anstand, bot sich die einzigartige M\u00f6glichkeit bei einem Zeitzeugenvortrag dabei zu sein. Abba Naor, geboren am 21. M\u00e4rz 1928 in Kaunas, Litauen, teilte seine Lebensgeschichte mit den anwesenden Sch\u00fclergruppen. Zuerst in ein Ghetto in Litauen gepfercht, \u00fcberlebte er unter anderem das Konzentrationslager Stutthof und wurde in einem Au\u00dfenlager des KZ\u2018s Dachau befreit. Die ungeheure Leidensgeschichte von Herrn Naor bewegte alle Anwesenden sehr.\u00a0<\/p>\n\n\n\n<p>Nach dem Mittagessen wurde gegen 13 Uhr die lange Heimreise angetreten und bot bereits erste Gelegenheit zur Reflexion der Gedenkfahrt. Die R\u00fcckmeldungen der Sch\u00fcler und Sch\u00fclerinnen zum Rahmenprogramm waren sehr positiv und viele sprachen sich daf\u00fcr aus, dass jeder einmal eine solche Gedenkfahrt machen sollte.<\/p>\n\n\n\n<figure class=\"wp-block-image size-large\"><img loading=\"lazy\" decoding=\"async\" width=\"1024\" height=\"768\" src=\"https:\/\/tkg-duisburg.de\/wp-content\/uploads\/2024\/03\/TKG-Gruppe-1024x768.jpeg\" alt=\"\" class=\"wp-image-8218\" srcset=\"https:\/\/tkg-duisburg.de\/wp-content\/uploads\/2024\/03\/TKG-Gruppe-1024x768.jpeg 1024w, https:\/\/tkg-duisburg.de\/wp-content\/uploads\/2024\/03\/TKG-Gruppe-300x225.jpeg 300w, https:\/\/tkg-duisburg.de\/wp-content\/uploads\/2024\/03\/TKG-Gruppe-1536x1152.jpeg 1536w, https:\/\/tkg-duisburg.de\/wp-content\/uploads\/2024\/03\/TKG-Gruppe.jpeg 1600w\" sizes=\"auto, (max-width: 1024px) 100vw, 1024px\" \/><\/figure>\n\n\n\n<p><\/p>\n","protected":false},"excerpt":{"rendered":"<p>Das ehemalige nationalsozialistische Konzentrationslager Dachau in der N\u00e4he von M\u00fcnchen war das am l\u00e4ngsten bestehende Lager aus dieser Zeit. Unter menschenverachtenden Bedingungen hielten die Nazis hier von 1933 bis 1945 zehntausende Menschen gefangen, folterten und mordeten. Vom 4. bis zum 7. M\u00e4rz besuchte eine Gruppe von Sch\u00fclern und Sch\u00fclerinnen der TKG zusammen mit den begleitenden &hellip; <a href=\"https:\/\/tkg-duisburg.de\/?p=8216\" class=\"more-link\"><span class=\"screen-reader-text\">Nie mehr vergessen \u2013 Gedenkst\u00e4ttenfahrt nach Dachau<\/span> weiterlesen <span class=\"meta-nav\">&rarr;<\/span><\/a><\/p>\n","protected":false},"author":5,"featured_media":0,"comment_status":"closed","ping_status":"open","sticky":false,"template":"","format":"standard","meta":{"footnotes":""},"categories":[31,9,7,81,38],"tags":[],"class_list":["post-8216","post","type-post","status-publish","format-standard","hentry","category-ausserschulisches-lernen","category-exkursionen","category-geschichte","category-politik-faecher","category-sozialwissenschaften"],"yoast_head":"<!-- This site is optimized with the Yoast SEO plugin v22.6 - https:\/\/yoast.com\/wordpress\/plugins\/seo\/ -->\n<title>Nie mehr vergessen \u2013 Gedenkst\u00e4ttenfahrt nach Dachau - Theodor K\u00f6nig Gesamtschule Duisburg<\/title>\n<meta name=\"robots\" content=\"index, follow, max-snippet:-1, max-image-preview:large, max-video-preview:-1\" \/>\n<link rel=\"canonical\" href=\"https:\/\/tkg-duisburg.de\/?p=8216\" \/>\n<meta property=\"og:locale\" content=\"de_DE\" \/>\n<meta property=\"og:type\" content=\"article\" \/>\n<meta property=\"og:title\" content=\"Nie mehr vergessen \u2013 Gedenkst\u00e4ttenfahrt nach Dachau - Theodor K\u00f6nig Gesamtschule Duisburg\" \/>\n<meta property=\"og:description\" content=\"Das ehemalige nationalsozialistische Konzentrationslager Dachau in der N\u00e4he von M\u00fcnchen war das am l\u00e4ngsten bestehende Lager aus dieser Zeit. Unter menschenverachtenden Bedingungen hielten die Nazis hier von 1933 bis 1945 zehntausende Menschen gefangen, folterten und mordeten. Vom 4. bis zum 7. M\u00e4rz besuchte eine Gruppe von Sch\u00fclern und Sch\u00fclerinnen der TKG zusammen mit den begleitenden &hellip; Nie mehr vergessen \u2013 Gedenkst\u00e4ttenfahrt nach Dachau weiterlesen &rarr;\" \/>\n<meta property=\"og:url\" content=\"https:\/\/tkg-duisburg.de\/?p=8216\" \/>\n<meta property=\"og:site_name\" content=\"Theodor K\u00f6nig Gesamtschule Duisburg\" \/>\n<meta property=\"article:published_time\" content=\"2024-03-14T04:59:00+00:00\" \/>\n<meta property=\"article:modified_time\" content=\"2024-03-14T04:59:02+00:00\" \/>\n<meta property=\"og:image\" content=\"https:\/\/tkg-duisburg.de\/wp-content\/uploads\/2024\/03\/Mahnmal-1024x768.jpeg\" \/>\n<meta name=\"author\" content=\"Bj\u00f6rn Becker\" \/>\n<meta name=\"twitter:card\" content=\"summary_large_image\" \/>\n<meta name=\"twitter:label1\" content=\"Verfasst von\" \/>\n\t<meta name=\"twitter:data1\" content=\"Bj\u00f6rn Becker\" \/>\n\t<meta name=\"twitter:label2\" content=\"Gesch\u00e4tzte Lesezeit\" \/>\n\t<meta name=\"twitter:data2\" content=\"2\u00a0Minuten\" \/>\n<script type=\"application\/ld+json\" class=\"yoast-schema-graph\">{\"@context\":\"https:\/\/schema.org\",\"@graph\":[{\"@type\":\"WebPage\",\"@id\":\"https:\/\/tkg-duisburg.de\/?p=8216\",\"url\":\"https:\/\/tkg-duisburg.de\/?p=8216\",\"name\":\"Nie mehr vergessen \u2013 Gedenkst\u00e4ttenfahrt nach Dachau - Theodor K\u00f6nig Gesamtschule Duisburg\",\"isPartOf\":{\"@id\":\"https:\/\/tkg-duisburg.de\/#website\"},\"primaryImageOfPage\":{\"@id\":\"https:\/\/tkg-duisburg.de\/?p=8216#primaryimage\"},\"image\":{\"@id\":\"https:\/\/tkg-duisburg.de\/?p=8216#primaryimage\"},\"thumbnailUrl\":\"https:\/\/tkg-duisburg.de\/wp-content\/uploads\/2024\/03\/Mahnmal-1024x768.jpeg\",\"datePublished\":\"2024-03-14T04:59:00+00:00\",\"dateModified\":\"2024-03-14T04:59:02+00:00\",\"author\":{\"@id\":\"https:\/\/tkg-duisburg.de\/#\/schema\/person\/5a5b174492de297d4b57e9a3d89564ee\"},\"breadcrumb\":{\"@id\":\"https:\/\/tkg-duisburg.de\/?p=8216#breadcrumb\"},\"inLanguage\":\"de\",\"potentialAction\":[{\"@type\":\"ReadAction\",\"target\":[\"https:\/\/tkg-duisburg.de\/?p=8216\"]}]},{\"@type\":\"ImageObject\",\"inLanguage\":\"de\",\"@id\":\"https:\/\/tkg-duisburg.de\/?p=8216#primaryimage\",\"url\":\"https:\/\/tkg-duisburg.de\/wp-content\/uploads\/2024\/03\/Mahnmal.jpeg\",\"contentUrl\":\"https:\/\/tkg-duisburg.de\/wp-content\/uploads\/2024\/03\/Mahnmal.jpeg\",\"width\":1600,\"height\":1200},{\"@type\":\"BreadcrumbList\",\"@id\":\"https:\/\/tkg-duisburg.de\/?p=8216#breadcrumb\",\"itemListElement\":[{\"@type\":\"ListItem\",\"position\":1,\"name\":\"Startseite\",\"item\":\"https:\/\/tkg-duisburg.de\/\"},{\"@type\":\"ListItem\",\"position\":2,\"name\":\"Nie mehr vergessen \u2013 Gedenkst\u00e4ttenfahrt nach Dachau\"}]},{\"@type\":\"WebSite\",\"@id\":\"https:\/\/tkg-duisburg.de\/#website\",\"url\":\"https:\/\/tkg-duisburg.de\/\",\"name\":\"Theodor K\u00f6nig Gesamtschule Duisburg\",\"description\":\"\",\"potentialAction\":[{\"@type\":\"SearchAction\",\"target\":{\"@type\":\"EntryPoint\",\"urlTemplate\":\"https:\/\/tkg-duisburg.de\/?s={search_term_string}\"},\"query-input\":\"required name=search_term_string\"}],\"inLanguage\":\"de\"},{\"@type\":\"Person\",\"@id\":\"https:\/\/tkg-duisburg.de\/#\/schema\/person\/5a5b174492de297d4b57e9a3d89564ee\",\"name\":\"Bj\u00f6rn Becker\",\"image\":{\"@type\":\"ImageObject\",\"inLanguage\":\"de\",\"@id\":\"https:\/\/tkg-duisburg.de\/#\/schema\/person\/image\/\",\"url\":\"https:\/\/secure.gravatar.com\/avatar\/c7690b9f448fdd19e7a021d2d0201faa0dc70513a48fc7103388e3231c3056a4?s=96&d=mm&r=g\",\"contentUrl\":\"https:\/\/secure.gravatar.com\/avatar\/c7690b9f448fdd19e7a021d2d0201faa0dc70513a48fc7103388e3231c3056a4?s=96&d=mm&r=g\",\"caption\":\"Bj\u00f6rn Becker\"},\"url\":\"https:\/\/tkg-duisburg.de\/?author=5\"}]}<\/script>\n<!-- \/ Yoast SEO plugin. -->","yoast_head_json":{"title":"Nie mehr vergessen \u2013 Gedenkst\u00e4ttenfahrt nach Dachau - Theodor K\u00f6nig Gesamtschule Duisburg","robots":{"index":"index","follow":"follow","max-snippet":"max-snippet:-1","max-image-preview":"max-image-preview:large","max-video-preview":"max-video-preview:-1"},"canonical":"https:\/\/tkg-duisburg.de\/?p=8216","og_locale":"de_DE","og_type":"article","og_title":"Nie mehr vergessen \u2013 Gedenkst\u00e4ttenfahrt nach Dachau - Theodor K\u00f6nig Gesamtschule Duisburg","og_description":"Das ehemalige nationalsozialistische Konzentrationslager Dachau in der N\u00e4he von M\u00fcnchen war das am l\u00e4ngsten bestehende Lager aus dieser Zeit. Unter menschenverachtenden Bedingungen hielten die Nazis hier von 1933 bis 1945 zehntausende Menschen gefangen, folterten und mordeten. Vom 4. bis zum 7. M\u00e4rz besuchte eine Gruppe von Sch\u00fclern und Sch\u00fclerinnen der TKG zusammen mit den begleitenden &hellip; Nie mehr vergessen \u2013 Gedenkst\u00e4ttenfahrt nach Dachau weiterlesen &rarr;","og_url":"https:\/\/tkg-duisburg.de\/?p=8216","og_site_name":"Theodor K\u00f6nig Gesamtschule Duisburg","article_published_time":"2024-03-14T04:59:00+00:00","article_modified_time":"2024-03-14T04:59:02+00:00","og_image":[{"url":"https:\/\/tkg-duisburg.de\/wp-content\/uploads\/2024\/03\/Mahnmal-1024x768.jpeg"}],"author":"Bj\u00f6rn Becker","twitter_card":"summary_large_image","twitter_misc":{"Verfasst von":"Bj\u00f6rn Becker","Gesch\u00e4tzte Lesezeit":"2\u00a0Minuten"},"schema":{"@context":"https:\/\/schema.org","@graph":[{"@type":"WebPage","@id":"https:\/\/tkg-duisburg.de\/?p=8216","url":"https:\/\/tkg-duisburg.de\/?p=8216","name":"Nie mehr vergessen \u2013 Gedenkst\u00e4ttenfahrt nach Dachau - Theodor K\u00f6nig Gesamtschule Duisburg","isPartOf":{"@id":"https:\/\/tkg-duisburg.de\/#website"},"primaryImageOfPage":{"@id":"https:\/\/tkg-duisburg.de\/?p=8216#primaryimage"},"image":{"@id":"https:\/\/tkg-duisburg.de\/?p=8216#primaryimage"},"thumbnailUrl":"https:\/\/tkg-duisburg.de\/wp-content\/uploads\/2024\/03\/Mahnmal-1024x768.jpeg","datePublished":"2024-03-14T04:59:00+00:00","dateModified":"2024-03-14T04:59:02+00:00","author":{"@id":"https:\/\/tkg-duisburg.de\/#\/schema\/person\/5a5b174492de297d4b57e9a3d89564ee"},"breadcrumb":{"@id":"https:\/\/tkg-duisburg.de\/?p=8216#breadcrumb"},"inLanguage":"de","potentialAction":[{"@type":"ReadAction","target":["https:\/\/tkg-duisburg.de\/?p=8216"]}]},{"@type":"ImageObject","inLanguage":"de","@id":"https:\/\/tkg-duisburg.de\/?p=8216#primaryimage","url":"https:\/\/tkg-duisburg.de\/wp-content\/uploads\/2024\/03\/Mahnmal.jpeg","contentUrl":"https:\/\/tkg-duisburg.de\/wp-content\/uploads\/2024\/03\/Mahnmal.jpeg","width":1600,"height":1200},{"@type":"BreadcrumbList","@id":"https:\/\/tkg-duisburg.de\/?p=8216#breadcrumb","itemListElement":[{"@type":"ListItem","position":1,"name":"Startseite","item":"https:\/\/tkg-duisburg.de\/"},{"@type":"ListItem","position":2,"name":"Nie mehr vergessen \u2013 Gedenkst\u00e4ttenfahrt nach Dachau"}]},{"@type":"WebSite","@id":"https:\/\/tkg-duisburg.de\/#website","url":"https:\/\/tkg-duisburg.de\/","name":"Theodor K\u00f6nig Gesamtschule Duisburg","description":"","potentialAction":[{"@type":"SearchAction","target":{"@type":"EntryPoint","urlTemplate":"https:\/\/tkg-duisburg.de\/?s={search_term_string}"},"query-input":"required name=search_term_string"}],"inLanguage":"de"},{"@type":"Person","@id":"https:\/\/tkg-duisburg.de\/#\/schema\/person\/5a5b174492de297d4b57e9a3d89564ee","name":"Bj\u00f6rn Becker","image":{"@type":"ImageObject","inLanguage":"de","@id":"https:\/\/tkg-duisburg.de\/#\/schema\/person\/image\/","url":"https:\/\/secure.gravatar.com\/avatar\/c7690b9f448fdd19e7a021d2d0201faa0dc70513a48fc7103388e3231c3056a4?s=96&d=mm&r=g","contentUrl":"https:\/\/secure.gravatar.com\/avatar\/c7690b9f448fdd19e7a021d2d0201faa0dc70513a48fc7103388e3231c3056a4?s=96&d=mm&r=g","caption":"Bj\u00f6rn Becker"},"url":"https:\/\/tkg-duisburg.de\/?author=5"}]}},"_links":{"self":[{"href":"https:\/\/tkg-duisburg.de\/index.php?rest_route=\/wp\/v2\/posts\/8216","targetHints":{"allow":["GET"]}}],"collection":[{"href":"https:\/\/tkg-duisburg.de\/index.php?rest_route=\/wp\/v2\/posts"}],"about":[{"href":"https:\/\/tkg-duisburg.de\/index.php?rest_route=\/wp\/v2\/types\/post"}],"author":[{"embeddable":true,"href":"https:\/\/tkg-duisburg.de\/index.php?rest_route=\/wp\/v2\/users\/5"}],"replies":[{"embeddable":true,"href":"https:\/\/tkg-duisburg.de\/index.php?rest_route=%2Fwp%2Fv2%2Fcomments&post=8216"}],"version-history":[{"count":1,"href":"https:\/\/tkg-duisburg.de\/index.php?rest_route=\/wp\/v2\/posts\/8216\/revisions"}],"predecessor-version":[{"id":8222,"href":"https:\/\/tkg-duisburg.de\/index.php?rest_route=\/wp\/v2\/posts\/8216\/revisions\/8222"}],"wp:attachment":[{"href":"https:\/\/tkg-duisburg.de\/index.php?rest_route=%2Fwp%2Fv2%2Fmedia&parent=8216"}],"wp:term":[{"taxonomy":"category","embeddable":true,"href":"https:\/\/tkg-duisburg.de\/index.php?rest_route=%2Fwp%2Fv2%2Fcategories&post=8216"},{"taxonomy":"post_tag","embeddable":true,"href":"https:\/\/tkg-duisburg.de\/index.php?rest_route=%2Fwp%2Fv2%2Ftags&post=8216"}],"curies":[{"name":"wp","href":"https:\/\/api.w.org\/{rel}","templated":true}]}}