{"id":8305,"date":"2024-05-25T11:57:31","date_gmt":"2024-05-25T09:57:31","guid":{"rendered":"https:\/\/tkg-duisburg.de\/?p=8305"},"modified":"2024-05-27T13:33:37","modified_gmt":"2024-05-27T11:33:37","slug":"besuch-der-steuergruppe-im-tagungshaus-wolfsburg-in-muehlheim","status":"publish","type":"post","link":"https:\/\/tkg-duisburg.de\/?p=8305","title":{"rendered":"Besuch der Steuergruppe im Tagungshaus \u201eWolfsburg\u201c in M\u00fclheim"},"content":{"rendered":"\n<figure class=\"wp-block-image size-large\"><img loading=\"lazy\" decoding=\"async\" width=\"1024\" height=\"641\" src=\"https:\/\/tkg-duisburg.de\/wp-content\/uploads\/2024\/05\/IMG_7260x-1024x641.jpeg\" alt=\"\" class=\"wp-image-8307\" srcset=\"https:\/\/tkg-duisburg.de\/wp-content\/uploads\/2024\/05\/IMG_7260x-1024x641.jpeg 1024w, https:\/\/tkg-duisburg.de\/wp-content\/uploads\/2024\/05\/IMG_7260x-300x188.jpeg 300w, https:\/\/tkg-duisburg.de\/wp-content\/uploads\/2024\/05\/IMG_7260x-1536x961.jpeg 1536w, https:\/\/tkg-duisburg.de\/wp-content\/uploads\/2024\/05\/IMG_7260x-2048x1281.jpeg 2048w\" sizes=\"auto, (max-width: 1024px) 100vw, 1024px\" \/><\/figure>\n\n\n\n<p>Die Steuergruppe der Theodor-K\u00f6nig-Gesamtschule tagte diesmal ihre Sitzung im Tagungshaus \u201eWolfsburg\u201c in M\u00fclheim. Dort wurden sie in einem traumhaften Ambiente von Herrn Korten \u00fcber die Arbeit und das Selbstverst\u00e4ndnis einer Steuergruppe informiert und begleitet. Die Steuergruppe bedankt sich bei Herrn Korten f\u00fcr die sehr ausf\u00fchrlichen Informationen \u00fcber die Arbeit einer Steuergruppe und f\u00fcr den tollen und lehrreichen Tag.<\/p>\n\n\n\n<figure class=\"wp-block-image size-large is-resized\"><img loading=\"lazy\" decoding=\"async\" width=\"1920\" height=\"2560\" src=\"https:\/\/tkg-duisburg.de\/wp-content\/uploads\/2024\/05\/IMG_7265-edited-1-scaled.jpeg\" alt=\"\" class=\"wp-image-8309\" style=\"width:654px;height:auto\" srcset=\"https:\/\/tkg-duisburg.de\/wp-content\/uploads\/2024\/05\/IMG_7265-edited-1-scaled.jpeg 1920w, https:\/\/tkg-duisburg.de\/wp-content\/uploads\/2024\/05\/IMG_7265-edited-1-225x300.jpeg 225w, https:\/\/tkg-duisburg.de\/wp-content\/uploads\/2024\/05\/IMG_7265-edited-1-768x1024.jpeg 768w, https:\/\/tkg-duisburg.de\/wp-content\/uploads\/2024\/05\/IMG_7265-edited-1-150x200.jpeg 150w, https:\/\/tkg-duisburg.de\/wp-content\/uploads\/2024\/05\/IMG_7265-edited-1-1152x1536.jpeg 1152w, https:\/\/tkg-duisburg.de\/wp-content\/uploads\/2024\/05\/IMG_7265-edited-1-1536x2048.jpeg 1536w\" sizes=\"auto, (max-width: 1920px) 100vw, 1920px\" \/><\/figure>\n","protected":false},"excerpt":{"rendered":"<p>Die Steuergruppe der Theodor-K\u00f6nig-Gesamtschule tagte diesmal ihre Sitzung im Tagungshaus \u201eWolfsburg\u201c in M\u00fclheim. Dort wurden sie in einem traumhaften Ambiente von Herrn Korten \u00fcber die Arbeit und das Selbstverst\u00e4ndnis einer Steuergruppe informiert und begleitet. Die Steuergruppe bedankt sich bei Herrn Korten f\u00fcr die sehr ausf\u00fchrlichen Informationen \u00fcber die Arbeit einer Steuergruppe und f\u00fcr den tollen &hellip; <a href=\"https:\/\/tkg-duisburg.de\/?p=8305\" class=\"more-link\"><span class=\"screen-reader-text\">Besuch der Steuergruppe im Tagungshaus \u201eWolfsburg\u201c in M\u00fclheim<\/span> weiterlesen <span class=\"meta-nav\">&rarr;<\/span><\/a><\/p>\n","protected":false},"author":5,"featured_media":0,"comment_status":"closed","ping_status":"open","sticky":false,"template":"","format":"standard","meta":{"footnotes":""},"categories":[51],"tags":[],"class_list":["post-8305","post","type-post","status-publish","format-standard","hentry","category-lehrer"],"yoast_head":"<!-- This site is optimized with the Yoast SEO plugin v22.6 - https:\/\/yoast.com\/wordpress\/plugins\/seo\/ -->\n<title>Besuch der Steuergruppe im Tagungshaus \u201eWolfsburg\u201c in M\u00fclheim - Theodor K\u00f6nig Gesamtschule Duisburg<\/title>\n<meta name=\"robots\" content=\"index, follow, max-snippet:-1, max-image-preview:large, max-video-preview:-1\" \/>\n<link rel=\"canonical\" href=\"https:\/\/tkg-duisburg.de\/?p=8305\" \/>\n<meta property=\"og:locale\" content=\"de_DE\" \/>\n<meta property=\"og:type\" content=\"article\" \/>\n<meta property=\"og:title\" content=\"Besuch der Steuergruppe im Tagungshaus \u201eWolfsburg\u201c in M\u00fclheim - Theodor K\u00f6nig Gesamtschule Duisburg\" \/>\n<meta property=\"og:description\" content=\"Die Steuergruppe der Theodor-K\u00f6nig-Gesamtschule tagte diesmal ihre Sitzung im Tagungshaus \u201eWolfsburg\u201c in M\u00fclheim. Dort wurden sie in einem traumhaften Ambiente von Herrn Korten \u00fcber die Arbeit und das Selbstverst\u00e4ndnis einer Steuergruppe informiert und begleitet. Die Steuergruppe bedankt sich bei Herrn Korten f\u00fcr die sehr ausf\u00fchrlichen Informationen \u00fcber die Arbeit einer Steuergruppe und f\u00fcr den tollen &hellip; Besuch der Steuergruppe im Tagungshaus \u201eWolfsburg\u201c in M\u00fclheim weiterlesen &rarr;\" \/>\n<meta property=\"og:url\" content=\"https:\/\/tkg-duisburg.de\/?p=8305\" \/>\n<meta property=\"og:site_name\" content=\"Theodor K\u00f6nig Gesamtschule Duisburg\" \/>\n<meta property=\"article:published_time\" content=\"2024-05-25T09:57:31+00:00\" \/>\n<meta property=\"article:modified_time\" content=\"2024-05-27T11:33:37+00:00\" \/>\n<meta property=\"og:image\" content=\"https:\/\/tkg-duisburg.de\/wp-content\/uploads\/2024\/05\/IMG_7260x-1024x641.jpeg\" \/>\n<meta name=\"author\" content=\"Bj\u00f6rn Becker\" \/>\n<meta name=\"twitter:card\" content=\"summary_large_image\" \/>\n<meta name=\"twitter:label1\" content=\"Verfasst von\" \/>\n\t<meta name=\"twitter:data1\" content=\"Bj\u00f6rn Becker\" \/>\n<script type=\"application\/ld+json\" class=\"yoast-schema-graph\">{\"@context\":\"https:\/\/schema.org\",\"@graph\":[{\"@type\":\"WebPage\",\"@id\":\"https:\/\/tkg-duisburg.de\/?p=8305\",\"url\":\"https:\/\/tkg-duisburg.de\/?p=8305\",\"name\":\"Besuch der Steuergruppe im Tagungshaus \u201eWolfsburg\u201c in M\u00fclheim - Theodor K\u00f6nig Gesamtschule Duisburg\",\"isPartOf\":{\"@id\":\"https:\/\/tkg-duisburg.de\/#website\"},\"primaryImageOfPage\":{\"@id\":\"https:\/\/tkg-duisburg.de\/?p=8305#primaryimage\"},\"image\":{\"@id\":\"https:\/\/tkg-duisburg.de\/?p=8305#primaryimage\"},\"thumbnailUrl\":\"https:\/\/tkg-duisburg.de\/wp-content\/uploads\/2024\/05\/IMG_7260x-1024x641.jpeg\",\"datePublished\":\"2024-05-25T09:57:31+00:00\",\"dateModified\":\"2024-05-27T11:33:37+00:00\",\"author\":{\"@id\":\"https:\/\/tkg-duisburg.de\/#\/schema\/person\/5a5b174492de297d4b57e9a3d89564ee\"},\"breadcrumb\":{\"@id\":\"https:\/\/tkg-duisburg.de\/?p=8305#breadcrumb\"},\"inLanguage\":\"de\",\"potentialAction\":[{\"@type\":\"ReadAction\",\"target\":[\"https:\/\/tkg-duisburg.de\/?p=8305\"]}]},{\"@type\":\"ImageObject\",\"inLanguage\":\"de\",\"@id\":\"https:\/\/tkg-duisburg.de\/?p=8305#primaryimage\",\"url\":\"https:\/\/tkg-duisburg.de\/wp-content\/uploads\/2024\/05\/IMG_7260x.jpeg\",\"contentUrl\":\"https:\/\/tkg-duisburg.de\/wp-content\/uploads\/2024\/05\/IMG_7260x.jpeg\",\"width\":2187,\"height\":1368},{\"@type\":\"BreadcrumbList\",\"@id\":\"https:\/\/tkg-duisburg.de\/?p=8305#breadcrumb\",\"itemListElement\":[{\"@type\":\"ListItem\",\"position\":1,\"name\":\"Startseite\",\"item\":\"https:\/\/tkg-duisburg.de\/\"},{\"@type\":\"ListItem\",\"position\":2,\"name\":\"Besuch der Steuergruppe im Tagungshaus \u201eWolfsburg\u201c in M\u00fclheim\"}]},{\"@type\":\"WebSite\",\"@id\":\"https:\/\/tkg-duisburg.de\/#website\",\"url\":\"https:\/\/tkg-duisburg.de\/\",\"name\":\"Theodor K\u00f6nig Gesamtschule Duisburg\",\"description\":\"\",\"potentialAction\":[{\"@type\":\"SearchAction\",\"target\":{\"@type\":\"EntryPoint\",\"urlTemplate\":\"https:\/\/tkg-duisburg.de\/?s={search_term_string}\"},\"query-input\":\"required name=search_term_string\"}],\"inLanguage\":\"de\"},{\"@type\":\"Person\",\"@id\":\"https:\/\/tkg-duisburg.de\/#\/schema\/person\/5a5b174492de297d4b57e9a3d89564ee\",\"name\":\"Bj\u00f6rn Becker\",\"image\":{\"@type\":\"ImageObject\",\"inLanguage\":\"de\",\"@id\":\"https:\/\/tkg-duisburg.de\/#\/schema\/person\/image\/\",\"url\":\"https:\/\/secure.gravatar.com\/avatar\/c7690b9f448fdd19e7a021d2d0201faa0dc70513a48fc7103388e3231c3056a4?s=96&d=mm&r=g\",\"contentUrl\":\"https:\/\/secure.gravatar.com\/avatar\/c7690b9f448fdd19e7a021d2d0201faa0dc70513a48fc7103388e3231c3056a4?s=96&d=mm&r=g\",\"caption\":\"Bj\u00f6rn Becker\"},\"url\":\"https:\/\/tkg-duisburg.de\/?author=5\"}]}<\/script>\n<!-- \/ Yoast SEO plugin. -->","yoast_head_json":{"title":"Besuch der Steuergruppe im Tagungshaus \u201eWolfsburg\u201c in M\u00fclheim - Theodor K\u00f6nig Gesamtschule Duisburg","robots":{"index":"index","follow":"follow","max-snippet":"max-snippet:-1","max-image-preview":"max-image-preview:large","max-video-preview":"max-video-preview:-1"},"canonical":"https:\/\/tkg-duisburg.de\/?p=8305","og_locale":"de_DE","og_type":"article","og_title":"Besuch der Steuergruppe im Tagungshaus \u201eWolfsburg\u201c in M\u00fclheim - Theodor K\u00f6nig Gesamtschule Duisburg","og_description":"Die Steuergruppe der Theodor-K\u00f6nig-Gesamtschule tagte diesmal ihre Sitzung im Tagungshaus \u201eWolfsburg\u201c in M\u00fclheim. Dort wurden sie in einem traumhaften Ambiente von Herrn Korten \u00fcber die Arbeit und das Selbstverst\u00e4ndnis einer Steuergruppe informiert und begleitet. Die Steuergruppe bedankt sich bei Herrn Korten f\u00fcr die sehr ausf\u00fchrlichen Informationen \u00fcber die Arbeit einer Steuergruppe und f\u00fcr den tollen &hellip; Besuch der Steuergruppe im Tagungshaus \u201eWolfsburg\u201c in M\u00fclheim weiterlesen &rarr;","og_url":"https:\/\/tkg-duisburg.de\/?p=8305","og_site_name":"Theodor K\u00f6nig Gesamtschule Duisburg","article_published_time":"2024-05-25T09:57:31+00:00","article_modified_time":"2024-05-27T11:33:37+00:00","og_image":[{"url":"https:\/\/tkg-duisburg.de\/wp-content\/uploads\/2024\/05\/IMG_7260x-1024x641.jpeg"}],"author":"Bj\u00f6rn Becker","twitter_card":"summary_large_image","twitter_misc":{"Verfasst von":"Bj\u00f6rn Becker"},"schema":{"@context":"https:\/\/schema.org","@graph":[{"@type":"WebPage","@id":"https:\/\/tkg-duisburg.de\/?p=8305","url":"https:\/\/tkg-duisburg.de\/?p=8305","name":"Besuch der Steuergruppe im Tagungshaus \u201eWolfsburg\u201c in M\u00fclheim - Theodor K\u00f6nig Gesamtschule Duisburg","isPartOf":{"@id":"https:\/\/tkg-duisburg.de\/#website"},"primaryImageOfPage":{"@id":"https:\/\/tkg-duisburg.de\/?p=8305#primaryimage"},"image":{"@id":"https:\/\/tkg-duisburg.de\/?p=8305#primaryimage"},"thumbnailUrl":"https:\/\/tkg-duisburg.de\/wp-content\/uploads\/2024\/05\/IMG_7260x-1024x641.jpeg","datePublished":"2024-05-25T09:57:31+00:00","dateModified":"2024-05-27T11:33:37+00:00","author":{"@id":"https:\/\/tkg-duisburg.de\/#\/schema\/person\/5a5b174492de297d4b57e9a3d89564ee"},"breadcrumb":{"@id":"https:\/\/tkg-duisburg.de\/?p=8305#breadcrumb"},"inLanguage":"de","potentialAction":[{"@type":"ReadAction","target":["https:\/\/tkg-duisburg.de\/?p=8305"]}]},{"@type":"ImageObject","inLanguage":"de","@id":"https:\/\/tkg-duisburg.de\/?p=8305#primaryimage","url":"https:\/\/tkg-duisburg.de\/wp-content\/uploads\/2024\/05\/IMG_7260x.jpeg","contentUrl":"https:\/\/tkg-duisburg.de\/wp-content\/uploads\/2024\/05\/IMG_7260x.jpeg","width":2187,"height":1368},{"@type":"BreadcrumbList","@id":"https:\/\/tkg-duisburg.de\/?p=8305#breadcrumb","itemListElement":[{"@type":"ListItem","position":1,"name":"Startseite","item":"https:\/\/tkg-duisburg.de\/"},{"@type":"ListItem","position":2,"name":"Besuch der Steuergruppe im Tagungshaus \u201eWolfsburg\u201c in M\u00fclheim"}]},{"@type":"WebSite","@id":"https:\/\/tkg-duisburg.de\/#website","url":"https:\/\/tkg-duisburg.de\/","name":"Theodor K\u00f6nig Gesamtschule Duisburg","description":"","potentialAction":[{"@type":"SearchAction","target":{"@type":"EntryPoint","urlTemplate":"https:\/\/tkg-duisburg.de\/?s={search_term_string}"},"query-input":"required name=search_term_string"}],"inLanguage":"de"},{"@type":"Person","@id":"https:\/\/tkg-duisburg.de\/#\/schema\/person\/5a5b174492de297d4b57e9a3d89564ee","name":"Bj\u00f6rn Becker","image":{"@type":"ImageObject","inLanguage":"de","@id":"https:\/\/tkg-duisburg.de\/#\/schema\/person\/image\/","url":"https:\/\/secure.gravatar.com\/avatar\/c7690b9f448fdd19e7a021d2d0201faa0dc70513a48fc7103388e3231c3056a4?s=96&d=mm&r=g","contentUrl":"https:\/\/secure.gravatar.com\/avatar\/c7690b9f448fdd19e7a021d2d0201faa0dc70513a48fc7103388e3231c3056a4?s=96&d=mm&r=g","caption":"Bj\u00f6rn Becker"},"url":"https:\/\/tkg-duisburg.de\/?author=5"}]}},"_links":{"self":[{"href":"https:\/\/tkg-duisburg.de\/index.php?rest_route=\/wp\/v2\/posts\/8305","targetHints":{"allow":["GET"]}}],"collection":[{"href":"https:\/\/tkg-duisburg.de\/index.php?rest_route=\/wp\/v2\/posts"}],"about":[{"href":"https:\/\/tkg-duisburg.de\/index.php?rest_route=\/wp\/v2\/types\/post"}],"author":[{"embeddable":true,"href":"https:\/\/tkg-duisburg.de\/index.php?rest_route=\/wp\/v2\/users\/5"}],"replies":[{"embeddable":true,"href":"https:\/\/tkg-duisburg.de\/index.php?rest_route=%2Fwp%2Fv2%2Fcomments&post=8305"}],"version-history":[{"count":2,"href":"https:\/\/tkg-duisburg.de\/index.php?rest_route=\/wp\/v2\/posts\/8305\/revisions"}],"predecessor-version":[{"id":8314,"href":"https:\/\/tkg-duisburg.de\/index.php?rest_route=\/wp\/v2\/posts\/8305\/revisions\/8314"}],"wp:attachment":[{"href":"https:\/\/tkg-duisburg.de\/index.php?rest_route=%2Fwp%2Fv2%2Fmedia&parent=8305"}],"wp:term":[{"taxonomy":"category","embeddable":true,"href":"https:\/\/tkg-duisburg.de\/index.php?rest_route=%2Fwp%2Fv2%2Fcategories&post=8305"},{"taxonomy":"post_tag","embeddable":true,"href":"https:\/\/tkg-duisburg.de\/index.php?rest_route=%2Fwp%2Fv2%2Ftags&post=8305"}],"curies":[{"name":"wp","href":"https:\/\/api.w.org\/{rel}","templated":true}]}}