{"id":8497,"date":"2024-10-06T14:54:41","date_gmt":"2024-10-06T12:54:41","guid":{"rendered":"https:\/\/tkg-duisburg.de\/?p=8497"},"modified":"2024-10-06T14:55:30","modified_gmt":"2024-10-06T12:55:30","slug":"ruhrtalente-sommerakademie-noor-othman","status":"publish","type":"post","link":"https:\/\/tkg-duisburg.de\/?p=8497","title":{"rendered":"RuhrTalente\u00a0&#8211;\u00a0SommerAkademie &#8211; Noor Othman"},"content":{"rendered":"\n<p>Die Teilnahme an der SommerAkademie der RuhrTalente in den Sommerferien war f\u00fcr mich eine bereichernde Erfahrung. Ich konnte nicht nur mein Wissen erweitern, sondern auch viele neue und interessante Menschen kennenlernen.<\/p>\n\n\n\n<figure class=\"wp-block-image size-large\"><img loading=\"lazy\" decoding=\"async\" width=\"1024\" height=\"768\" src=\"https:\/\/tkg-duisburg.de\/wp-content\/uploads\/2024\/10\/IMG-20240920-WA0005-1024x768.jpeg\" alt=\"\" class=\"wp-image-8498\" srcset=\"https:\/\/tkg-duisburg.de\/wp-content\/uploads\/2024\/10\/IMG-20240920-WA0005-1024x768.jpeg 1024w, https:\/\/tkg-duisburg.de\/wp-content\/uploads\/2024\/10\/IMG-20240920-WA0005-300x225.jpeg 300w, https:\/\/tkg-duisburg.de\/wp-content\/uploads\/2024\/10\/IMG-20240920-WA0005-1536x1152.jpeg 1536w, https:\/\/tkg-duisburg.de\/wp-content\/uploads\/2024\/10\/IMG-20240920-WA0005.jpeg 2048w\" sizes=\"auto, (max-width: 1024px) 100vw, 1024px\" \/><\/figure>\n\n\n\n<!--more-->\n\n\n\n<p>Ich habe&nbsp;die&nbsp;Kurse \u201eStimm- und Sprachtraining \u2013 Mache Deine Stimme zu Deiner St\u00e4rke\u201c und \u201cZeit- und Selbstmanagement\u201c&nbsp;besucht.&nbsp;Im Rahmen der Teamevents habe&nbsp;ich an der Freizeitaktivit\u00e4t \u201eFlo\u00dfbau\u201c teilgenommen. Gemeinsam sollten wir ein Flo\u00df bauen und damit anschlie\u00dfend \u00fcber den See fahren. Die gute Nachricht \u201eUnser Flo\u00df hat gehalten und wir sind nicht untergegangen\u201c.<\/p>\n\n\n\n<p>Am Programm der RuhrTalente sch\u00e4tze ich die M\u00f6glichkeit, wertvolle Kontakte zu kn\u00fcpfen und in einem inspirierenden Umfeld zu lernen.<\/p>\n\n\n\n<p>Bewirb auch Du Dich f\u00fcr das Stipendienprogramm. Es lohnt sich.<\/p>\n\n\n\n<figure class=\"wp-block-gallery has-nested-images columns-default is-cropped wp-block-gallery-1 is-layout-flex wp-block-gallery-is-layout-flex\">\n<figure class=\"wp-block-image size-large\"><img loading=\"lazy\" decoding=\"async\" width=\"768\" height=\"1024\" data-id=\"8499\" src=\"https:\/\/tkg-duisburg.de\/wp-content\/uploads\/2024\/10\/IMG-20240918-WA0007-768x1024.jpeg\" alt=\"\" class=\"wp-image-8499\" srcset=\"https:\/\/tkg-duisburg.de\/wp-content\/uploads\/2024\/10\/IMG-20240918-WA0007-768x1024.jpeg 768w, https:\/\/tkg-duisburg.de\/wp-content\/uploads\/2024\/10\/IMG-20240918-WA0007-225x300.jpeg 225w, https:\/\/tkg-duisburg.de\/wp-content\/uploads\/2024\/10\/IMG-20240918-WA0007-150x200.jpeg 150w, https:\/\/tkg-duisburg.de\/wp-content\/uploads\/2024\/10\/IMG-20240918-WA0007-1152x1536.jpeg 1152w, https:\/\/tkg-duisburg.de\/wp-content\/uploads\/2024\/10\/IMG-20240918-WA0007.jpeg 1200w\" sizes=\"auto, (max-width: 768px) 100vw, 768px\" \/><\/figure>\n\n\n\n<figure class=\"wp-block-image size-large\"><img loading=\"lazy\" decoding=\"async\" width=\"768\" height=\"1024\" data-id=\"8504\" src=\"https:\/\/tkg-duisburg.de\/wp-content\/uploads\/2024\/10\/IMG_20241001_145834-768x1024.jpeg\" alt=\"\" class=\"wp-image-8504\" srcset=\"https:\/\/tkg-duisburg.de\/wp-content\/uploads\/2024\/10\/IMG_20241001_145834-768x1024.jpeg 768w, https:\/\/tkg-duisburg.de\/wp-content\/uploads\/2024\/10\/IMG_20241001_145834-225x300.jpeg 225w, https:\/\/tkg-duisburg.de\/wp-content\/uploads\/2024\/10\/IMG_20241001_145834-150x200.jpeg 150w, https:\/\/tkg-duisburg.de\/wp-content\/uploads\/2024\/10\/IMG_20241001_145834-1152x1536.jpeg 1152w, https:\/\/tkg-duisburg.de\/wp-content\/uploads\/2024\/10\/IMG_20241001_145834-1536x2048.jpeg 1536w, https:\/\/tkg-duisburg.de\/wp-content\/uploads\/2024\/10\/IMG_20241001_145834-scaled.jpeg 1920w\" sizes=\"auto, (max-width: 768px) 100vw, 768px\" \/><\/figure>\n\n\n\n<figure class=\"wp-block-image size-large\"><img loading=\"lazy\" decoding=\"async\" width=\"888\" height=\"1024\" data-id=\"8500\" src=\"https:\/\/tkg-duisburg.de\/wp-content\/uploads\/2024\/10\/IMG-20240920-WA0003-888x1024.jpeg\" alt=\"\" class=\"wp-image-8500\" srcset=\"https:\/\/tkg-duisburg.de\/wp-content\/uploads\/2024\/10\/IMG-20240920-WA0003-888x1024.jpeg 888w, https:\/\/tkg-duisburg.de\/wp-content\/uploads\/2024\/10\/IMG-20240920-WA0003-260x300.jpeg 260w, https:\/\/tkg-duisburg.de\/wp-content\/uploads\/2024\/10\/IMG-20240920-WA0003.jpeg 937w\" sizes=\"auto, (max-width: 888px) 100vw, 888px\" \/><\/figure>\n\n\n\n<figure class=\"wp-block-image size-large\"><img loading=\"lazy\" decoding=\"async\" width=\"576\" height=\"1024\" data-id=\"8502\" src=\"https:\/\/tkg-duisburg.de\/wp-content\/uploads\/2024\/10\/IMG-20240920-WA0007-576x1024.jpeg\" alt=\"\" class=\"wp-image-8502\" srcset=\"https:\/\/tkg-duisburg.de\/wp-content\/uploads\/2024\/10\/IMG-20240920-WA0007-576x1024.jpeg 576w, https:\/\/tkg-duisburg.de\/wp-content\/uploads\/2024\/10\/IMG-20240920-WA0007-169x300.jpeg 169w, https:\/\/tkg-duisburg.de\/wp-content\/uploads\/2024\/10\/IMG-20240920-WA0007-864x1536.jpeg 864w, https:\/\/tkg-duisburg.de\/wp-content\/uploads\/2024\/10\/IMG-20240920-WA0007.jpeg 1152w\" sizes=\"auto, (max-width: 576px) 100vw, 576px\" \/><\/figure>\n\n\n\n<figure class=\"wp-block-image size-large\"><img loading=\"lazy\" decoding=\"async\" width=\"576\" height=\"1024\" data-id=\"8501\" src=\"https:\/\/tkg-duisburg.de\/wp-content\/uploads\/2024\/10\/IMG-20240920-WA0006-576x1024.jpeg\" alt=\"\" class=\"wp-image-8501\" srcset=\"https:\/\/tkg-duisburg.de\/wp-content\/uploads\/2024\/10\/IMG-20240920-WA0006-576x1024.jpeg 576w, https:\/\/tkg-duisburg.de\/wp-content\/uploads\/2024\/10\/IMG-20240920-WA0006-169x300.jpeg 169w, https:\/\/tkg-duisburg.de\/wp-content\/uploads\/2024\/10\/IMG-20240920-WA0006-864x1536.jpeg 864w, https:\/\/tkg-duisburg.de\/wp-content\/uploads\/2024\/10\/IMG-20240920-WA0006.jpeg 1152w\" sizes=\"auto, (max-width: 576px) 100vw, 576px\" \/><\/figure>\n\n\n\n<figure class=\"wp-block-image size-large\"><img loading=\"lazy\" decoding=\"async\" width=\"768\" height=\"1024\" data-id=\"8503\" src=\"https:\/\/tkg-duisburg.de\/wp-content\/uploads\/2024\/10\/IMG-20240920-WA0004-768x1024.jpeg\" alt=\"\" class=\"wp-image-8503\" srcset=\"https:\/\/tkg-duisburg.de\/wp-content\/uploads\/2024\/10\/IMG-20240920-WA0004-768x1024.jpeg 768w, https:\/\/tkg-duisburg.de\/wp-content\/uploads\/2024\/10\/IMG-20240920-WA0004-225x300.jpeg 225w, https:\/\/tkg-duisburg.de\/wp-content\/uploads\/2024\/10\/IMG-20240920-WA0004-150x200.jpeg 150w, https:\/\/tkg-duisburg.de\/wp-content\/uploads\/2024\/10\/IMG-20240920-WA0004-1152x1536.jpeg 1152w, https:\/\/tkg-duisburg.de\/wp-content\/uploads\/2024\/10\/IMG-20240920-WA0004.jpeg 1536w\" sizes=\"auto, (max-width: 768px) 100vw, 768px\" \/><\/figure>\n<\/figure>\n\n\n\n<p><strong>Noor Othman (RuhrTalent, Q 2)<\/strong><\/p>\n\n\n\n<p>(Ver\u00f6ffentlichung genehmigt: C. Hiller-Kitzmann, Abteilungsleiterin Oberstufe)<\/p>\n","protected":false},"excerpt":{"rendered":"<p>Die Teilnahme an der SommerAkademie der RuhrTalente in den Sommerferien war f\u00fcr mich eine bereichernde Erfahrung. Ich konnte nicht nur mein Wissen erweitern, sondern auch viele neue und interessante Menschen kennenlernen.<\/p>\n","protected":false},"author":1,"featured_media":0,"comment_status":"closed","ping_status":"open","sticky":false,"template":"","format":"standard","meta":{"footnotes":""},"categories":[15,31,57],"tags":[],"class_list":["post-8497","post","type-post","status-publish","format-standard","hentry","category-abitur","category-ausserschulisches-lernen","category-talentfoerderung"],"yoast_head":"<!-- This site is optimized with the Yoast SEO plugin v22.6 - https:\/\/yoast.com\/wordpress\/plugins\/seo\/ -->\n<title>RuhrTalente\u00a0-\u00a0SommerAkademie - Noor Othman - Theodor K\u00f6nig Gesamtschule Duisburg<\/title>\n<meta name=\"robots\" content=\"index, follow, max-snippet:-1, max-image-preview:large, max-video-preview:-1\" \/>\n<link rel=\"canonical\" href=\"https:\/\/tkg-duisburg.de\/?p=8497\" \/>\n<meta property=\"og:locale\" content=\"de_DE\" \/>\n<meta property=\"og:type\" content=\"article\" \/>\n<meta property=\"og:title\" content=\"RuhrTalente\u00a0-\u00a0SommerAkademie - Noor Othman - Theodor K\u00f6nig Gesamtschule Duisburg\" \/>\n<meta property=\"og:description\" content=\"Die Teilnahme an der SommerAkademie der RuhrTalente in den Sommerferien war f\u00fcr mich eine bereichernde Erfahrung. Ich konnte nicht nur mein Wissen erweitern, sondern auch viele neue und interessante Menschen kennenlernen.\" \/>\n<meta property=\"og:url\" content=\"https:\/\/tkg-duisburg.de\/?p=8497\" \/>\n<meta property=\"og:site_name\" content=\"Theodor K\u00f6nig Gesamtschule Duisburg\" \/>\n<meta property=\"article:published_time\" content=\"2024-10-06T12:54:41+00:00\" \/>\n<meta property=\"article:modified_time\" content=\"2024-10-06T12:55:30+00:00\" \/>\n<meta property=\"og:image\" content=\"https:\/\/tkg-duisburg.de\/wp-content\/uploads\/2024\/10\/IMG-20240920-WA0005-1024x768.jpeg\" \/>\n<meta name=\"author\" content=\"Theodor K\u00f6nig Gesamtschule\" \/>\n<meta name=\"twitter:card\" content=\"summary_large_image\" \/>\n<meta name=\"twitter:label1\" content=\"Verfasst von\" \/>\n\t<meta name=\"twitter:data1\" content=\"Theodor K\u00f6nig Gesamtschule\" \/>\n\t<meta name=\"twitter:label2\" content=\"Gesch\u00e4tzte Lesezeit\" \/>\n\t<meta name=\"twitter:data2\" content=\"1\u00a0Minute\" \/>\n<script type=\"application\/ld+json\" class=\"yoast-schema-graph\">{\"@context\":\"https:\/\/schema.org\",\"@graph\":[{\"@type\":\"WebPage\",\"@id\":\"https:\/\/tkg-duisburg.de\/?p=8497\",\"url\":\"https:\/\/tkg-duisburg.de\/?p=8497\",\"name\":\"RuhrTalente\u00a0-\u00a0SommerAkademie - Noor Othman - Theodor K\u00f6nig Gesamtschule Duisburg\",\"isPartOf\":{\"@id\":\"https:\/\/tkg-duisburg.de\/#website\"},\"primaryImageOfPage\":{\"@id\":\"https:\/\/tkg-duisburg.de\/?p=8497#primaryimage\"},\"image\":{\"@id\":\"https:\/\/tkg-duisburg.de\/?p=8497#primaryimage\"},\"thumbnailUrl\":\"https:\/\/tkg-duisburg.de\/wp-content\/uploads\/2024\/10\/IMG-20240920-WA0005-1024x768.jpeg\",\"datePublished\":\"2024-10-06T12:54:41+00:00\",\"dateModified\":\"2024-10-06T12:55:30+00:00\",\"author\":{\"@id\":\"https:\/\/tkg-duisburg.de\/#\/schema\/person\/959db6a2cedeb35dd75151dbd9d4361c\"},\"breadcrumb\":{\"@id\":\"https:\/\/tkg-duisburg.de\/?p=8497#breadcrumb\"},\"inLanguage\":\"de\",\"potentialAction\":[{\"@type\":\"ReadAction\",\"target\":[\"https:\/\/tkg-duisburg.de\/?p=8497\"]}]},{\"@type\":\"ImageObject\",\"inLanguage\":\"de\",\"@id\":\"https:\/\/tkg-duisburg.de\/?p=8497#primaryimage\",\"url\":\"https:\/\/tkg-duisburg.de\/wp-content\/uploads\/2024\/10\/IMG-20240920-WA0005.jpeg\",\"contentUrl\":\"https:\/\/tkg-duisburg.de\/wp-content\/uploads\/2024\/10\/IMG-20240920-WA0005.jpeg\",\"width\":2048,\"height\":1536},{\"@type\":\"BreadcrumbList\",\"@id\":\"https:\/\/tkg-duisburg.de\/?p=8497#breadcrumb\",\"itemListElement\":[{\"@type\":\"ListItem\",\"position\":1,\"name\":\"Startseite\",\"item\":\"https:\/\/tkg-duisburg.de\/\"},{\"@type\":\"ListItem\",\"position\":2,\"name\":\"RuhrTalente\u00a0&#8211;\u00a0SommerAkademie &#8211; Noor Othman\"}]},{\"@type\":\"WebSite\",\"@id\":\"https:\/\/tkg-duisburg.de\/#website\",\"url\":\"https:\/\/tkg-duisburg.de\/\",\"name\":\"Theodor K\u00f6nig Gesamtschule Duisburg\",\"description\":\"\",\"potentialAction\":[{\"@type\":\"SearchAction\",\"target\":{\"@type\":\"EntryPoint\",\"urlTemplate\":\"https:\/\/tkg-duisburg.de\/?s={search_term_string}\"},\"query-input\":\"required name=search_term_string\"}],\"inLanguage\":\"de\"},{\"@type\":\"Person\",\"@id\":\"https:\/\/tkg-duisburg.de\/#\/schema\/person\/959db6a2cedeb35dd75151dbd9d4361c\",\"name\":\"Theodor K\u00f6nig Gesamtschule\",\"image\":{\"@type\":\"ImageObject\",\"inLanguage\":\"de\",\"@id\":\"https:\/\/tkg-duisburg.de\/#\/schema\/person\/image\/\",\"url\":\"https:\/\/secure.gravatar.com\/avatar\/78b8874227e9cd261d53d8462e0bd16b4cd3f37456ad1287bc3bfd162d6f0b9f?s=96&d=mm&r=g\",\"contentUrl\":\"https:\/\/secure.gravatar.com\/avatar\/78b8874227e9cd261d53d8462e0bd16b4cd3f37456ad1287bc3bfd162d6f0b9f?s=96&d=mm&r=g\",\"caption\":\"Theodor K\u00f6nig Gesamtschule\"},\"url\":\"https:\/\/tkg-duisburg.de\/?author=1\"}]}<\/script>\n<!-- \/ Yoast SEO plugin. -->","yoast_head_json":{"title":"RuhrTalente\u00a0-\u00a0SommerAkademie - Noor Othman - Theodor K\u00f6nig Gesamtschule Duisburg","robots":{"index":"index","follow":"follow","max-snippet":"max-snippet:-1","max-image-preview":"max-image-preview:large","max-video-preview":"max-video-preview:-1"},"canonical":"https:\/\/tkg-duisburg.de\/?p=8497","og_locale":"de_DE","og_type":"article","og_title":"RuhrTalente\u00a0-\u00a0SommerAkademie - Noor Othman - Theodor K\u00f6nig Gesamtschule Duisburg","og_description":"Die Teilnahme an der SommerAkademie der RuhrTalente in den Sommerferien war f\u00fcr mich eine bereichernde Erfahrung. Ich konnte nicht nur mein Wissen erweitern, sondern auch viele neue und interessante Menschen kennenlernen.","og_url":"https:\/\/tkg-duisburg.de\/?p=8497","og_site_name":"Theodor K\u00f6nig Gesamtschule Duisburg","article_published_time":"2024-10-06T12:54:41+00:00","article_modified_time":"2024-10-06T12:55:30+00:00","og_image":[{"url":"https:\/\/tkg-duisburg.de\/wp-content\/uploads\/2024\/10\/IMG-20240920-WA0005-1024x768.jpeg"}],"author":"Theodor K\u00f6nig Gesamtschule","twitter_card":"summary_large_image","twitter_misc":{"Verfasst von":"Theodor K\u00f6nig Gesamtschule","Gesch\u00e4tzte Lesezeit":"1\u00a0Minute"},"schema":{"@context":"https:\/\/schema.org","@graph":[{"@type":"WebPage","@id":"https:\/\/tkg-duisburg.de\/?p=8497","url":"https:\/\/tkg-duisburg.de\/?p=8497","name":"RuhrTalente\u00a0-\u00a0SommerAkademie - Noor Othman - Theodor K\u00f6nig Gesamtschule Duisburg","isPartOf":{"@id":"https:\/\/tkg-duisburg.de\/#website"},"primaryImageOfPage":{"@id":"https:\/\/tkg-duisburg.de\/?p=8497#primaryimage"},"image":{"@id":"https:\/\/tkg-duisburg.de\/?p=8497#primaryimage"},"thumbnailUrl":"https:\/\/tkg-duisburg.de\/wp-content\/uploads\/2024\/10\/IMG-20240920-WA0005-1024x768.jpeg","datePublished":"2024-10-06T12:54:41+00:00","dateModified":"2024-10-06T12:55:30+00:00","author":{"@id":"https:\/\/tkg-duisburg.de\/#\/schema\/person\/959db6a2cedeb35dd75151dbd9d4361c"},"breadcrumb":{"@id":"https:\/\/tkg-duisburg.de\/?p=8497#breadcrumb"},"inLanguage":"de","potentialAction":[{"@type":"ReadAction","target":["https:\/\/tkg-duisburg.de\/?p=8497"]}]},{"@type":"ImageObject","inLanguage":"de","@id":"https:\/\/tkg-duisburg.de\/?p=8497#primaryimage","url":"https:\/\/tkg-duisburg.de\/wp-content\/uploads\/2024\/10\/IMG-20240920-WA0005.jpeg","contentUrl":"https:\/\/tkg-duisburg.de\/wp-content\/uploads\/2024\/10\/IMG-20240920-WA0005.jpeg","width":2048,"height":1536},{"@type":"BreadcrumbList","@id":"https:\/\/tkg-duisburg.de\/?p=8497#breadcrumb","itemListElement":[{"@type":"ListItem","position":1,"name":"Startseite","item":"https:\/\/tkg-duisburg.de\/"},{"@type":"ListItem","position":2,"name":"RuhrTalente\u00a0&#8211;\u00a0SommerAkademie &#8211; Noor Othman"}]},{"@type":"WebSite","@id":"https:\/\/tkg-duisburg.de\/#website","url":"https:\/\/tkg-duisburg.de\/","name":"Theodor K\u00f6nig Gesamtschule Duisburg","description":"","potentialAction":[{"@type":"SearchAction","target":{"@type":"EntryPoint","urlTemplate":"https:\/\/tkg-duisburg.de\/?s={search_term_string}"},"query-input":"required name=search_term_string"}],"inLanguage":"de"},{"@type":"Person","@id":"https:\/\/tkg-duisburg.de\/#\/schema\/person\/959db6a2cedeb35dd75151dbd9d4361c","name":"Theodor K\u00f6nig Gesamtschule","image":{"@type":"ImageObject","inLanguage":"de","@id":"https:\/\/tkg-duisburg.de\/#\/schema\/person\/image\/","url":"https:\/\/secure.gravatar.com\/avatar\/78b8874227e9cd261d53d8462e0bd16b4cd3f37456ad1287bc3bfd162d6f0b9f?s=96&d=mm&r=g","contentUrl":"https:\/\/secure.gravatar.com\/avatar\/78b8874227e9cd261d53d8462e0bd16b4cd3f37456ad1287bc3bfd162d6f0b9f?s=96&d=mm&r=g","caption":"Theodor K\u00f6nig Gesamtschule"},"url":"https:\/\/tkg-duisburg.de\/?author=1"}]}},"_links":{"self":[{"href":"https:\/\/tkg-duisburg.de\/index.php?rest_route=\/wp\/v2\/posts\/8497","targetHints":{"allow":["GET"]}}],"collection":[{"href":"https:\/\/tkg-duisburg.de\/index.php?rest_route=\/wp\/v2\/posts"}],"about":[{"href":"https:\/\/tkg-duisburg.de\/index.php?rest_route=\/wp\/v2\/types\/post"}],"author":[{"embeddable":true,"href":"https:\/\/tkg-duisburg.de\/index.php?rest_route=\/wp\/v2\/users\/1"}],"replies":[{"embeddable":true,"href":"https:\/\/tkg-duisburg.de\/index.php?rest_route=%2Fwp%2Fv2%2Fcomments&post=8497"}],"version-history":[{"count":1,"href":"https:\/\/tkg-duisburg.de\/index.php?rest_route=\/wp\/v2\/posts\/8497\/revisions"}],"predecessor-version":[{"id":8505,"href":"https:\/\/tkg-duisburg.de\/index.php?rest_route=\/wp\/v2\/posts\/8497\/revisions\/8505"}],"wp:attachment":[{"href":"https:\/\/tkg-duisburg.de\/index.php?rest_route=%2Fwp%2Fv2%2Fmedia&parent=8497"}],"wp:term":[{"taxonomy":"category","embeddable":true,"href":"https:\/\/tkg-duisburg.de\/index.php?rest_route=%2Fwp%2Fv2%2Fcategories&post=8497"},{"taxonomy":"post_tag","embeddable":true,"href":"https:\/\/tkg-duisburg.de\/index.php?rest_route=%2Fwp%2Fv2%2Ftags&post=8497"}],"curies":[{"name":"wp","href":"https:\/\/api.w.org\/{rel}","templated":true}]}}