{"id":8724,"date":"2025-03-21T14:03:58","date_gmt":"2025-03-21T12:03:58","guid":{"rendered":"https:\/\/tkg-duisburg.de\/?p=8724"},"modified":"2025-03-21T14:04:00","modified_gmt":"2025-03-21T12:04:00","slug":"klasse-9c-zu-gast-im-landtag-aktionstag-landtag-macht-schule","status":"publish","type":"post","link":"https:\/\/tkg-duisburg.de\/?p=8724","title":{"rendered":"Klasse 9C zu Gast im Landtag &#8211; Aktionstag \u201eLandtag macht Schule\u201c"},"content":{"rendered":"\n<p>Am 6. M\u00e4rz 2025 hatte die Klasse 9C nach erfolgreicher Bewerbung die einmalige Gelegenheit, an dem Programm \u201eLandtag macht Schule\u201c teilzunehmen. Gemeinsam mit rund 650 weiteren Sch\u00fclerinnen und Sch\u00fclern aus ganz Nordrhein-Westfalen durften die Sch\u00fclerinnen und Sch\u00fcler im Plenarsaal des Landtags Platz nehmen und selbst in die Rolle von Abgeordneten schl\u00fcpfen.<\/p>\n\n\n\n<figure class=\"wp-block-image size-large\"><img loading=\"lazy\" decoding=\"async\" width=\"1024\" height=\"692\" src=\"https:\/\/tkg-duisburg.de\/wp-content\/uploads\/2025\/03\/Bildschirmfoto-2025-03-21-um-13.03.08-1024x692.png\" alt=\"\" class=\"wp-image-8725\" srcset=\"https:\/\/tkg-duisburg.de\/wp-content\/uploads\/2025\/03\/Bildschirmfoto-2025-03-21-um-13.03.08-1024x692.png 1024w, https:\/\/tkg-duisburg.de\/wp-content\/uploads\/2025\/03\/Bildschirmfoto-2025-03-21-um-13.03.08-300x203.png 300w, https:\/\/tkg-duisburg.de\/wp-content\/uploads\/2025\/03\/Bildschirmfoto-2025-03-21-um-13.03.08-1536x1038.png 1536w, https:\/\/tkg-duisburg.de\/wp-content\/uploads\/2025\/03\/Bildschirmfoto-2025-03-21-um-13.03.08-2048x1384.png 2048w\" sizes=\"auto, (max-width: 1024px) 100vw, 1024px\" \/><\/figure>\n\n\n\n<!--more-->\n\n\n\n<p>Besonders spannend&nbsp;war die simulierte Plenarsitzung, in der eine Debatte zum Thema \u201eSollte das Streben nach Gl\u00fcck als Staatsziel in die nordrhein-westf\u00e4lische Verfassung aufgenommen werden?&#8220; gef\u00fchrt wurde. In der Diskussion war hautnah zu erleben, wie parlamentarische Demokratie funktioniert, wie Regierung und Opposition agieren und welche Aufgaben das Pr\u00e4sidium des Landtags hat. Besonders beeindruckend war der Moment, als die Sch\u00fclerinnen und Sch\u00fcler per Abstimmung \u00fcber den Antrag entschieden.<\/p>\n\n\n\n<p>Ein weiteres Highlight war das sp\u00e4tere Gespr\u00e4ch mit Landtagspr\u00e4sident Andr\u00e9 Kuper. Er betonte die Bedeutung der Verfassung f\u00fcr unsere Gesellschaft und ermutigte uns, aktiv an demokratischen Prozessen teilzunehmen. In der offenen Diskussionsrunde konnten auch Fragen zu aktuellen politischen Themen gestellt werden.<\/p>\n\n\n\n<p>Der Besuch im Landtag war f\u00fcr alle Beteiligten ein lehrreiches Erlebnis. Wir danken dem Landtag NRW f\u00fcr diese M\u00f6glichkeit und freuen uns darauf, dieses Wissen und die gewonnen Erfahrungen im Unterricht&nbsp;einzubringen!<\/p>\n\n\n\n<p>P. Scheiler&nbsp;<\/p>\n","protected":false},"excerpt":{"rendered":"<p>Am 6. M\u00e4rz 2025 hatte die Klasse 9C nach erfolgreicher Bewerbung die einmalige Gelegenheit, an dem Programm \u201eLandtag macht Schule\u201c teilzunehmen. Gemeinsam mit rund 650 weiteren Sch\u00fclerinnen und Sch\u00fclern aus ganz Nordrhein-Westfalen durften die Sch\u00fclerinnen und Sch\u00fcler im Plenarsaal des Landtags Platz nehmen und selbst in die Rolle von Abgeordneten schl\u00fcpfen.<\/p>\n","protected":false},"author":5,"featured_media":0,"comment_status":"closed","ping_status":"open","sticky":false,"template":"","format":"standard","meta":{"footnotes":""},"categories":[31,72,66,81],"tags":[],"class_list":["post-8724","post","type-post","status-publish","format-standard","hentry","category-ausserschulisches-lernen","category-exkursion","category-jahrgang-9","category-politik-faecher"],"yoast_head":"<!-- This site is optimized with the Yoast SEO plugin v22.6 - https:\/\/yoast.com\/wordpress\/plugins\/seo\/ -->\n<title>Klasse 9C zu Gast im Landtag - Aktionstag \u201eLandtag macht Schule\u201c - Theodor K\u00f6nig Gesamtschule Duisburg<\/title>\n<meta name=\"robots\" content=\"index, follow, max-snippet:-1, max-image-preview:large, max-video-preview:-1\" \/>\n<link rel=\"canonical\" href=\"https:\/\/tkg-duisburg.de\/?p=8724\" \/>\n<meta property=\"og:locale\" content=\"de_DE\" \/>\n<meta property=\"og:type\" content=\"article\" \/>\n<meta property=\"og:title\" content=\"Klasse 9C zu Gast im Landtag - Aktionstag \u201eLandtag macht Schule\u201c - Theodor K\u00f6nig Gesamtschule Duisburg\" \/>\n<meta property=\"og:description\" content=\"Am 6. M\u00e4rz 2025 hatte die Klasse 9C nach erfolgreicher Bewerbung die einmalige Gelegenheit, an dem Programm \u201eLandtag macht Schule\u201c teilzunehmen. Gemeinsam mit rund 650 weiteren Sch\u00fclerinnen und Sch\u00fclern aus ganz Nordrhein-Westfalen durften die Sch\u00fclerinnen und Sch\u00fcler im Plenarsaal des Landtags Platz nehmen und selbst in die Rolle von Abgeordneten schl\u00fcpfen.\" \/>\n<meta property=\"og:url\" content=\"https:\/\/tkg-duisburg.de\/?p=8724\" \/>\n<meta property=\"og:site_name\" content=\"Theodor K\u00f6nig Gesamtschule Duisburg\" \/>\n<meta property=\"article:published_time\" content=\"2025-03-21T12:03:58+00:00\" \/>\n<meta property=\"article:modified_time\" content=\"2025-03-21T12:04:00+00:00\" \/>\n<meta property=\"og:image\" content=\"https:\/\/tkg-duisburg.de\/wp-content\/uploads\/2025\/03\/Bildschirmfoto-2025-03-21-um-13.03.08-1024x692.png\" \/>\n<meta name=\"author\" content=\"Bj\u00f6rn Becker\" \/>\n<meta name=\"twitter:card\" content=\"summary_large_image\" \/>\n<meta name=\"twitter:label1\" content=\"Verfasst von\" \/>\n\t<meta name=\"twitter:data1\" content=\"Bj\u00f6rn Becker\" \/>\n\t<meta name=\"twitter:label2\" content=\"Gesch\u00e4tzte Lesezeit\" \/>\n\t<meta name=\"twitter:data2\" content=\"1\u00a0Minute\" \/>\n<script type=\"application\/ld+json\" class=\"yoast-schema-graph\">{\"@context\":\"https:\/\/schema.org\",\"@graph\":[{\"@type\":\"WebPage\",\"@id\":\"https:\/\/tkg-duisburg.de\/?p=8724\",\"url\":\"https:\/\/tkg-duisburg.de\/?p=8724\",\"name\":\"Klasse 9C zu Gast im Landtag - Aktionstag \u201eLandtag macht Schule\u201c - Theodor K\u00f6nig Gesamtschule Duisburg\",\"isPartOf\":{\"@id\":\"https:\/\/tkg-duisburg.de\/#website\"},\"primaryImageOfPage\":{\"@id\":\"https:\/\/tkg-duisburg.de\/?p=8724#primaryimage\"},\"image\":{\"@id\":\"https:\/\/tkg-duisburg.de\/?p=8724#primaryimage\"},\"thumbnailUrl\":\"https:\/\/tkg-duisburg.de\/wp-content\/uploads\/2025\/03\/Bildschirmfoto-2025-03-21-um-13.03.08-1024x692.png\",\"datePublished\":\"2025-03-21T12:03:58+00:00\",\"dateModified\":\"2025-03-21T12:04:00+00:00\",\"author\":{\"@id\":\"https:\/\/tkg-duisburg.de\/#\/schema\/person\/5a5b174492de297d4b57e9a3d89564ee\"},\"breadcrumb\":{\"@id\":\"https:\/\/tkg-duisburg.de\/?p=8724#breadcrumb\"},\"inLanguage\":\"de\",\"potentialAction\":[{\"@type\":\"ReadAction\",\"target\":[\"https:\/\/tkg-duisburg.de\/?p=8724\"]}]},{\"@type\":\"ImageObject\",\"inLanguage\":\"de\",\"@id\":\"https:\/\/tkg-duisburg.de\/?p=8724#primaryimage\",\"url\":\"https:\/\/tkg-duisburg.de\/wp-content\/uploads\/2025\/03\/Bildschirmfoto-2025-03-21-um-13.03.08.png\",\"contentUrl\":\"https:\/\/tkg-duisburg.de\/wp-content\/uploads\/2025\/03\/Bildschirmfoto-2025-03-21-um-13.03.08.png\",\"width\":3566,\"height\":2410},{\"@type\":\"BreadcrumbList\",\"@id\":\"https:\/\/tkg-duisburg.de\/?p=8724#breadcrumb\",\"itemListElement\":[{\"@type\":\"ListItem\",\"position\":1,\"name\":\"Startseite\",\"item\":\"https:\/\/tkg-duisburg.de\/\"},{\"@type\":\"ListItem\",\"position\":2,\"name\":\"Klasse 9C zu Gast im Landtag &#8211; Aktionstag \u201eLandtag macht Schule\u201c\"}]},{\"@type\":\"WebSite\",\"@id\":\"https:\/\/tkg-duisburg.de\/#website\",\"url\":\"https:\/\/tkg-duisburg.de\/\",\"name\":\"Theodor K\u00f6nig Gesamtschule Duisburg\",\"description\":\"\",\"potentialAction\":[{\"@type\":\"SearchAction\",\"target\":{\"@type\":\"EntryPoint\",\"urlTemplate\":\"https:\/\/tkg-duisburg.de\/?s={search_term_string}\"},\"query-input\":\"required name=search_term_string\"}],\"inLanguage\":\"de\"},{\"@type\":\"Person\",\"@id\":\"https:\/\/tkg-duisburg.de\/#\/schema\/person\/5a5b174492de297d4b57e9a3d89564ee\",\"name\":\"Bj\u00f6rn Becker\",\"image\":{\"@type\":\"ImageObject\",\"inLanguage\":\"de\",\"@id\":\"https:\/\/tkg-duisburg.de\/#\/schema\/person\/image\/\",\"url\":\"https:\/\/secure.gravatar.com\/avatar\/c7690b9f448fdd19e7a021d2d0201faa0dc70513a48fc7103388e3231c3056a4?s=96&d=mm&r=g\",\"contentUrl\":\"https:\/\/secure.gravatar.com\/avatar\/c7690b9f448fdd19e7a021d2d0201faa0dc70513a48fc7103388e3231c3056a4?s=96&d=mm&r=g\",\"caption\":\"Bj\u00f6rn Becker\"},\"url\":\"https:\/\/tkg-duisburg.de\/?author=5\"}]}<\/script>\n<!-- \/ Yoast SEO plugin. -->","yoast_head_json":{"title":"Klasse 9C zu Gast im Landtag - Aktionstag \u201eLandtag macht Schule\u201c - Theodor K\u00f6nig Gesamtschule Duisburg","robots":{"index":"index","follow":"follow","max-snippet":"max-snippet:-1","max-image-preview":"max-image-preview:large","max-video-preview":"max-video-preview:-1"},"canonical":"https:\/\/tkg-duisburg.de\/?p=8724","og_locale":"de_DE","og_type":"article","og_title":"Klasse 9C zu Gast im Landtag - Aktionstag \u201eLandtag macht Schule\u201c - Theodor K\u00f6nig Gesamtschule Duisburg","og_description":"Am 6. M\u00e4rz 2025 hatte die Klasse 9C nach erfolgreicher Bewerbung die einmalige Gelegenheit, an dem Programm \u201eLandtag macht Schule\u201c teilzunehmen. Gemeinsam mit rund 650 weiteren Sch\u00fclerinnen und Sch\u00fclern aus ganz Nordrhein-Westfalen durften die Sch\u00fclerinnen und Sch\u00fcler im Plenarsaal des Landtags Platz nehmen und selbst in die Rolle von Abgeordneten schl\u00fcpfen.","og_url":"https:\/\/tkg-duisburg.de\/?p=8724","og_site_name":"Theodor K\u00f6nig Gesamtschule Duisburg","article_published_time":"2025-03-21T12:03:58+00:00","article_modified_time":"2025-03-21T12:04:00+00:00","og_image":[{"url":"https:\/\/tkg-duisburg.de\/wp-content\/uploads\/2025\/03\/Bildschirmfoto-2025-03-21-um-13.03.08-1024x692.png"}],"author":"Bj\u00f6rn Becker","twitter_card":"summary_large_image","twitter_misc":{"Verfasst von":"Bj\u00f6rn Becker","Gesch\u00e4tzte Lesezeit":"1\u00a0Minute"},"schema":{"@context":"https:\/\/schema.org","@graph":[{"@type":"WebPage","@id":"https:\/\/tkg-duisburg.de\/?p=8724","url":"https:\/\/tkg-duisburg.de\/?p=8724","name":"Klasse 9C zu Gast im Landtag - Aktionstag \u201eLandtag macht Schule\u201c - Theodor K\u00f6nig Gesamtschule Duisburg","isPartOf":{"@id":"https:\/\/tkg-duisburg.de\/#website"},"primaryImageOfPage":{"@id":"https:\/\/tkg-duisburg.de\/?p=8724#primaryimage"},"image":{"@id":"https:\/\/tkg-duisburg.de\/?p=8724#primaryimage"},"thumbnailUrl":"https:\/\/tkg-duisburg.de\/wp-content\/uploads\/2025\/03\/Bildschirmfoto-2025-03-21-um-13.03.08-1024x692.png","datePublished":"2025-03-21T12:03:58+00:00","dateModified":"2025-03-21T12:04:00+00:00","author":{"@id":"https:\/\/tkg-duisburg.de\/#\/schema\/person\/5a5b174492de297d4b57e9a3d89564ee"},"breadcrumb":{"@id":"https:\/\/tkg-duisburg.de\/?p=8724#breadcrumb"},"inLanguage":"de","potentialAction":[{"@type":"ReadAction","target":["https:\/\/tkg-duisburg.de\/?p=8724"]}]},{"@type":"ImageObject","inLanguage":"de","@id":"https:\/\/tkg-duisburg.de\/?p=8724#primaryimage","url":"https:\/\/tkg-duisburg.de\/wp-content\/uploads\/2025\/03\/Bildschirmfoto-2025-03-21-um-13.03.08.png","contentUrl":"https:\/\/tkg-duisburg.de\/wp-content\/uploads\/2025\/03\/Bildschirmfoto-2025-03-21-um-13.03.08.png","width":3566,"height":2410},{"@type":"BreadcrumbList","@id":"https:\/\/tkg-duisburg.de\/?p=8724#breadcrumb","itemListElement":[{"@type":"ListItem","position":1,"name":"Startseite","item":"https:\/\/tkg-duisburg.de\/"},{"@type":"ListItem","position":2,"name":"Klasse 9C zu Gast im Landtag &#8211; Aktionstag \u201eLandtag macht Schule\u201c"}]},{"@type":"WebSite","@id":"https:\/\/tkg-duisburg.de\/#website","url":"https:\/\/tkg-duisburg.de\/","name":"Theodor K\u00f6nig Gesamtschule Duisburg","description":"","potentialAction":[{"@type":"SearchAction","target":{"@type":"EntryPoint","urlTemplate":"https:\/\/tkg-duisburg.de\/?s={search_term_string}"},"query-input":"required name=search_term_string"}],"inLanguage":"de"},{"@type":"Person","@id":"https:\/\/tkg-duisburg.de\/#\/schema\/person\/5a5b174492de297d4b57e9a3d89564ee","name":"Bj\u00f6rn Becker","image":{"@type":"ImageObject","inLanguage":"de","@id":"https:\/\/tkg-duisburg.de\/#\/schema\/person\/image\/","url":"https:\/\/secure.gravatar.com\/avatar\/c7690b9f448fdd19e7a021d2d0201faa0dc70513a48fc7103388e3231c3056a4?s=96&d=mm&r=g","contentUrl":"https:\/\/secure.gravatar.com\/avatar\/c7690b9f448fdd19e7a021d2d0201faa0dc70513a48fc7103388e3231c3056a4?s=96&d=mm&r=g","caption":"Bj\u00f6rn Becker"},"url":"https:\/\/tkg-duisburg.de\/?author=5"}]}},"_links":{"self":[{"href":"https:\/\/tkg-duisburg.de\/index.php?rest_route=\/wp\/v2\/posts\/8724","targetHints":{"allow":["GET"]}}],"collection":[{"href":"https:\/\/tkg-duisburg.de\/index.php?rest_route=\/wp\/v2\/posts"}],"about":[{"href":"https:\/\/tkg-duisburg.de\/index.php?rest_route=\/wp\/v2\/types\/post"}],"author":[{"embeddable":true,"href":"https:\/\/tkg-duisburg.de\/index.php?rest_route=\/wp\/v2\/users\/5"}],"replies":[{"embeddable":true,"href":"https:\/\/tkg-duisburg.de\/index.php?rest_route=%2Fwp%2Fv2%2Fcomments&post=8724"}],"version-history":[{"count":1,"href":"https:\/\/tkg-duisburg.de\/index.php?rest_route=\/wp\/v2\/posts\/8724\/revisions"}],"predecessor-version":[{"id":8726,"href":"https:\/\/tkg-duisburg.de\/index.php?rest_route=\/wp\/v2\/posts\/8724\/revisions\/8726"}],"wp:attachment":[{"href":"https:\/\/tkg-duisburg.de\/index.php?rest_route=%2Fwp%2Fv2%2Fmedia&parent=8724"}],"wp:term":[{"taxonomy":"category","embeddable":true,"href":"https:\/\/tkg-duisburg.de\/index.php?rest_route=%2Fwp%2Fv2%2Fcategories&post=8724"},{"taxonomy":"post_tag","embeddable":true,"href":"https:\/\/tkg-duisburg.de\/index.php?rest_route=%2Fwp%2Fv2%2Ftags&post=8724"}],"curies":[{"name":"wp","href":"https:\/\/api.w.org\/{rel}","templated":true}]}}