{"id":8727,"date":"2025-03-21T14:06:36","date_gmt":"2025-03-21T12:06:36","guid":{"rendered":"https:\/\/tkg-duisburg.de\/?p=8727"},"modified":"2025-03-21T14:06:37","modified_gmt":"2025-03-21T12:06:37","slug":"erstes-interkulturelles-fastenbrechen-an-der-tkg","status":"publish","type":"post","link":"https:\/\/tkg-duisburg.de\/?p=8727","title":{"rendered":"Erstes interkulturelles Fastenbrechen an der TKG"},"content":{"rendered":"\n<p>Am Mittwoch, den 12.03.2025, fand zum ersten Mal das interkulturelle Fastenbrechen an der Theodor-K\u00f6nig-Gesamtschule statt. Die Organisation des Abends begann bereits Wochen im Voraus. Das interkulturelle Team k\u00fcmmerte sich um die gesamte Planung und Vorbereitung, darunter auch das festliche Schm\u00fccken der Aula an der Gartstr\u00e4ucherstra\u00dfe.<\/p>\n\n\n\n<figure class=\"wp-block-image size-large\"><img loading=\"lazy\" decoding=\"async\" width=\"744\" height=\"1024\" src=\"https:\/\/tkg-duisburg.de\/wp-content\/uploads\/2025\/03\/IMG_6080-744x1024.jpg\" alt=\"\" class=\"wp-image-8728\" srcset=\"https:\/\/tkg-duisburg.de\/wp-content\/uploads\/2025\/03\/IMG_6080-744x1024.jpg 744w, https:\/\/tkg-duisburg.de\/wp-content\/uploads\/2025\/03\/IMG_6080-218x300.jpg 218w, https:\/\/tkg-duisburg.de\/wp-content\/uploads\/2025\/03\/IMG_6080-1117x1536.jpg 1117w, https:\/\/tkg-duisburg.de\/wp-content\/uploads\/2025\/03\/IMG_6080-1489x2048.jpg 1489w, https:\/\/tkg-duisburg.de\/wp-content\/uploads\/2025\/03\/IMG_6080-scaled.jpg 1861w\" sizes=\"auto, (max-width: 744px) 100vw, 744px\" \/><\/figure>\n\n\n\n<!--more-->\n\n\n\n<p>Der Abend begann mit einer Pr\u00e4sentation \u00fcber den Ramadan und die Bedeutung des Fastens in den monotheistischen Religionen. Die Lehrerinnen und Lehrer wurden mit traditionellen Gerichten, die sie selbst mitgebracht hatten, verw\u00f6hnt. Der Abend endete mit Baklava, Kuchen und t\u00fcrkischem Tee.&nbsp;<\/p>\n\n\n\n<p>Sowohl die didaktische Leitung, Frau Marker, als auch der stellvertretende Schulleiter, Herr G\u00fcths, bedankten sich bei allen Beteiligten und appellierten daran, diese Veranstaltung im n\u00e4chsten Jahr zu wiederholen.&nbsp;<\/p>\n\n\n\n<div class=\"wp-block-group\"><div class=\"wp-block-group__inner-container is-layout-constrained wp-block-group-is-layout-constrained\">\n<div class=\"wp-block-group\"><div class=\"wp-block-group__inner-container is-layout-constrained wp-block-group-is-layout-constrained\">\n<figure class=\"wp-block-gallery has-nested-images columns-default is-cropped wp-block-gallery-1 is-layout-flex wp-block-gallery-is-layout-flex\">\n<figure class=\"wp-block-image size-large\"><img loading=\"lazy\" decoding=\"async\" width=\"768\" height=\"1024\" data-id=\"8731\" src=\"https:\/\/tkg-duisburg.de\/wp-content\/uploads\/2025\/03\/IMG_6123-768x1024.jpg\" alt=\"\" class=\"wp-image-8731\" srcset=\"https:\/\/tkg-duisburg.de\/wp-content\/uploads\/2025\/03\/IMG_6123-768x1024.jpg 768w, https:\/\/tkg-duisburg.de\/wp-content\/uploads\/2025\/03\/IMG_6123-225x300.jpg 225w, https:\/\/tkg-duisburg.de\/wp-content\/uploads\/2025\/03\/IMG_6123-150x200.jpg 150w, https:\/\/tkg-duisburg.de\/wp-content\/uploads\/2025\/03\/IMG_6123-1152x1536.jpg 1152w, https:\/\/tkg-duisburg.de\/wp-content\/uploads\/2025\/03\/IMG_6123-1536x2048.jpg 1536w, https:\/\/tkg-duisburg.de\/wp-content\/uploads\/2025\/03\/IMG_6123-scaled.jpg 1920w\" sizes=\"auto, (max-width: 768px) 100vw, 768px\" \/><\/figure>\n\n\n\n<figure class=\"wp-block-image size-large\"><img loading=\"lazy\" decoding=\"async\" width=\"768\" height=\"1024\" data-id=\"8729\" src=\"https:\/\/tkg-duisburg.de\/wp-content\/uploads\/2025\/03\/9920a5a9-5a03-4d0e-995e-5c73f99cdd77-768x1024.jpg\" alt=\"\" class=\"wp-image-8729\" srcset=\"https:\/\/tkg-duisburg.de\/wp-content\/uploads\/2025\/03\/9920a5a9-5a03-4d0e-995e-5c73f99cdd77-768x1024.jpg 768w, https:\/\/tkg-duisburg.de\/wp-content\/uploads\/2025\/03\/9920a5a9-5a03-4d0e-995e-5c73f99cdd77-225x300.jpg 225w, https:\/\/tkg-duisburg.de\/wp-content\/uploads\/2025\/03\/9920a5a9-5a03-4d0e-995e-5c73f99cdd77-150x200.jpg 150w, https:\/\/tkg-duisburg.de\/wp-content\/uploads\/2025\/03\/9920a5a9-5a03-4d0e-995e-5c73f99cdd77-1152x1536.jpg 1152w, https:\/\/tkg-duisburg.de\/wp-content\/uploads\/2025\/03\/9920a5a9-5a03-4d0e-995e-5c73f99cdd77-1536x2048.jpg 1536w, https:\/\/tkg-duisburg.de\/wp-content\/uploads\/2025\/03\/9920a5a9-5a03-4d0e-995e-5c73f99cdd77-scaled.jpg 1920w\" sizes=\"auto, (max-width: 768px) 100vw, 768px\" \/><\/figure>\n\n\n\n<figure class=\"wp-block-image size-large\"><img loading=\"lazy\" decoding=\"async\" width=\"768\" height=\"1024\" data-id=\"8730\" src=\"https:\/\/tkg-duisburg.de\/wp-content\/uploads\/2025\/03\/IMG_6106-2-768x1024.jpg\" alt=\"\" class=\"wp-image-8730\" srcset=\"https:\/\/tkg-duisburg.de\/wp-content\/uploads\/2025\/03\/IMG_6106-2-768x1024.jpg 768w, https:\/\/tkg-duisburg.de\/wp-content\/uploads\/2025\/03\/IMG_6106-2-225x300.jpg 225w, https:\/\/tkg-duisburg.de\/wp-content\/uploads\/2025\/03\/IMG_6106-2-150x200.jpg 150w, https:\/\/tkg-duisburg.de\/wp-content\/uploads\/2025\/03\/IMG_6106-2-1152x1536.jpg 1152w, https:\/\/tkg-duisburg.de\/wp-content\/uploads\/2025\/03\/IMG_6106-2-1536x2048.jpg 1536w, https:\/\/tkg-duisburg.de\/wp-content\/uploads\/2025\/03\/IMG_6106-2-scaled.jpg 1920w\" sizes=\"auto, (max-width: 768px) 100vw, 768px\" \/><\/figure>\n<\/figure>\n<\/div><\/div>\n<\/div><\/div>\n\n\n\n<p><\/p>\n","protected":false},"excerpt":{"rendered":"<p>Am Mittwoch, den 12.03.2025, fand zum ersten Mal das interkulturelle Fastenbrechen an der Theodor-K\u00f6nig-Gesamtschule statt. Die Organisation des Abends begann bereits Wochen im Voraus. Das interkulturelle Team k\u00fcmmerte sich um die gesamte Planung und Vorbereitung, darunter auch das festliche Schm\u00fccken der Aula an der Gartstr\u00e4ucherstra\u00dfe.<\/p>\n","protected":false},"author":5,"featured_media":0,"comment_status":"closed","ping_status":"open","sticky":false,"template":"","format":"standard","meta":{"footnotes":""},"categories":[3],"tags":[],"class_list":["post-8727","post","type-post","status-publish","format-standard","hentry","category-veranstaltungen"],"yoast_head":"<!-- This site is optimized with the Yoast SEO plugin v22.6 - https:\/\/yoast.com\/wordpress\/plugins\/seo\/ -->\n<title>Erstes interkulturelles Fastenbrechen an der TKG - Theodor K\u00f6nig Gesamtschule Duisburg<\/title>\n<meta name=\"robots\" content=\"index, follow, max-snippet:-1, max-image-preview:large, max-video-preview:-1\" \/>\n<link rel=\"canonical\" href=\"https:\/\/tkg-duisburg.de\/?p=8727\" \/>\n<meta property=\"og:locale\" content=\"de_DE\" \/>\n<meta property=\"og:type\" content=\"article\" \/>\n<meta property=\"og:title\" content=\"Erstes interkulturelles Fastenbrechen an der TKG - Theodor K\u00f6nig Gesamtschule Duisburg\" \/>\n<meta property=\"og:description\" content=\"Am Mittwoch, den 12.03.2025, fand zum ersten Mal das interkulturelle Fastenbrechen an der Theodor-K\u00f6nig-Gesamtschule statt. Die Organisation des Abends begann bereits Wochen im Voraus. Das interkulturelle Team k\u00fcmmerte sich um die gesamte Planung und Vorbereitung, darunter auch das festliche Schm\u00fccken der Aula an der Gartstr\u00e4ucherstra\u00dfe.\" \/>\n<meta property=\"og:url\" content=\"https:\/\/tkg-duisburg.de\/?p=8727\" \/>\n<meta property=\"og:site_name\" content=\"Theodor K\u00f6nig Gesamtschule Duisburg\" \/>\n<meta property=\"article:published_time\" content=\"2025-03-21T12:06:36+00:00\" \/>\n<meta property=\"article:modified_time\" content=\"2025-03-21T12:06:37+00:00\" \/>\n<meta property=\"og:image\" content=\"https:\/\/tkg-duisburg.de\/wp-content\/uploads\/2025\/03\/IMG_6080-744x1024.jpg\" \/>\n<meta name=\"author\" content=\"Bj\u00f6rn Becker\" \/>\n<meta name=\"twitter:card\" content=\"summary_large_image\" \/>\n<meta name=\"twitter:label1\" content=\"Verfasst von\" \/>\n\t<meta name=\"twitter:data1\" content=\"Bj\u00f6rn Becker\" \/>\n\t<meta name=\"twitter:label2\" content=\"Gesch\u00e4tzte Lesezeit\" \/>\n\t<meta name=\"twitter:data2\" content=\"1\u00a0Minute\" \/>\n<script type=\"application\/ld+json\" class=\"yoast-schema-graph\">{\"@context\":\"https:\/\/schema.org\",\"@graph\":[{\"@type\":\"WebPage\",\"@id\":\"https:\/\/tkg-duisburg.de\/?p=8727\",\"url\":\"https:\/\/tkg-duisburg.de\/?p=8727\",\"name\":\"Erstes interkulturelles Fastenbrechen an der TKG - Theodor K\u00f6nig Gesamtschule Duisburg\",\"isPartOf\":{\"@id\":\"https:\/\/tkg-duisburg.de\/#website\"},\"primaryImageOfPage\":{\"@id\":\"https:\/\/tkg-duisburg.de\/?p=8727#primaryimage\"},\"image\":{\"@id\":\"https:\/\/tkg-duisburg.de\/?p=8727#primaryimage\"},\"thumbnailUrl\":\"https:\/\/tkg-duisburg.de\/wp-content\/uploads\/2025\/03\/IMG_6080-744x1024.jpg\",\"datePublished\":\"2025-03-21T12:06:36+00:00\",\"dateModified\":\"2025-03-21T12:06:37+00:00\",\"author\":{\"@id\":\"https:\/\/tkg-duisburg.de\/#\/schema\/person\/5a5b174492de297d4b57e9a3d89564ee\"},\"breadcrumb\":{\"@id\":\"https:\/\/tkg-duisburg.de\/?p=8727#breadcrumb\"},\"inLanguage\":\"de\",\"potentialAction\":[{\"@type\":\"ReadAction\",\"target\":[\"https:\/\/tkg-duisburg.de\/?p=8727\"]}]},{\"@type\":\"ImageObject\",\"inLanguage\":\"de\",\"@id\":\"https:\/\/tkg-duisburg.de\/?p=8727#primaryimage\",\"url\":\"https:\/\/tkg-duisburg.de\/wp-content\/uploads\/2025\/03\/IMG_6080-scaled.jpg\",\"contentUrl\":\"https:\/\/tkg-duisburg.de\/wp-content\/uploads\/2025\/03\/IMG_6080-scaled.jpg\",\"width\":1861,\"height\":2560},{\"@type\":\"BreadcrumbList\",\"@id\":\"https:\/\/tkg-duisburg.de\/?p=8727#breadcrumb\",\"itemListElement\":[{\"@type\":\"ListItem\",\"position\":1,\"name\":\"Startseite\",\"item\":\"https:\/\/tkg-duisburg.de\/\"},{\"@type\":\"ListItem\",\"position\":2,\"name\":\"Erstes interkulturelles Fastenbrechen an der TKG\"}]},{\"@type\":\"WebSite\",\"@id\":\"https:\/\/tkg-duisburg.de\/#website\",\"url\":\"https:\/\/tkg-duisburg.de\/\",\"name\":\"Theodor K\u00f6nig Gesamtschule Duisburg\",\"description\":\"\",\"potentialAction\":[{\"@type\":\"SearchAction\",\"target\":{\"@type\":\"EntryPoint\",\"urlTemplate\":\"https:\/\/tkg-duisburg.de\/?s={search_term_string}\"},\"query-input\":\"required name=search_term_string\"}],\"inLanguage\":\"de\"},{\"@type\":\"Person\",\"@id\":\"https:\/\/tkg-duisburg.de\/#\/schema\/person\/5a5b174492de297d4b57e9a3d89564ee\",\"name\":\"Bj\u00f6rn Becker\",\"image\":{\"@type\":\"ImageObject\",\"inLanguage\":\"de\",\"@id\":\"https:\/\/tkg-duisburg.de\/#\/schema\/person\/image\/\",\"url\":\"https:\/\/secure.gravatar.com\/avatar\/c7690b9f448fdd19e7a021d2d0201faa0dc70513a48fc7103388e3231c3056a4?s=96&d=mm&r=g\",\"contentUrl\":\"https:\/\/secure.gravatar.com\/avatar\/c7690b9f448fdd19e7a021d2d0201faa0dc70513a48fc7103388e3231c3056a4?s=96&d=mm&r=g\",\"caption\":\"Bj\u00f6rn Becker\"},\"url\":\"https:\/\/tkg-duisburg.de\/?author=5\"}]}<\/script>\n<!-- \/ Yoast SEO plugin. -->","yoast_head_json":{"title":"Erstes interkulturelles Fastenbrechen an der TKG - Theodor K\u00f6nig Gesamtschule Duisburg","robots":{"index":"index","follow":"follow","max-snippet":"max-snippet:-1","max-image-preview":"max-image-preview:large","max-video-preview":"max-video-preview:-1"},"canonical":"https:\/\/tkg-duisburg.de\/?p=8727","og_locale":"de_DE","og_type":"article","og_title":"Erstes interkulturelles Fastenbrechen an der TKG - Theodor K\u00f6nig Gesamtschule Duisburg","og_description":"Am Mittwoch, den 12.03.2025, fand zum ersten Mal das interkulturelle Fastenbrechen an der Theodor-K\u00f6nig-Gesamtschule statt. Die Organisation des Abends begann bereits Wochen im Voraus. Das interkulturelle Team k\u00fcmmerte sich um die gesamte Planung und Vorbereitung, darunter auch das festliche Schm\u00fccken der Aula an der Gartstr\u00e4ucherstra\u00dfe.","og_url":"https:\/\/tkg-duisburg.de\/?p=8727","og_site_name":"Theodor K\u00f6nig Gesamtschule Duisburg","article_published_time":"2025-03-21T12:06:36+00:00","article_modified_time":"2025-03-21T12:06:37+00:00","og_image":[{"url":"https:\/\/tkg-duisburg.de\/wp-content\/uploads\/2025\/03\/IMG_6080-744x1024.jpg"}],"author":"Bj\u00f6rn Becker","twitter_card":"summary_large_image","twitter_misc":{"Verfasst von":"Bj\u00f6rn Becker","Gesch\u00e4tzte Lesezeit":"1\u00a0Minute"},"schema":{"@context":"https:\/\/schema.org","@graph":[{"@type":"WebPage","@id":"https:\/\/tkg-duisburg.de\/?p=8727","url":"https:\/\/tkg-duisburg.de\/?p=8727","name":"Erstes interkulturelles Fastenbrechen an der TKG - Theodor K\u00f6nig Gesamtschule Duisburg","isPartOf":{"@id":"https:\/\/tkg-duisburg.de\/#website"},"primaryImageOfPage":{"@id":"https:\/\/tkg-duisburg.de\/?p=8727#primaryimage"},"image":{"@id":"https:\/\/tkg-duisburg.de\/?p=8727#primaryimage"},"thumbnailUrl":"https:\/\/tkg-duisburg.de\/wp-content\/uploads\/2025\/03\/IMG_6080-744x1024.jpg","datePublished":"2025-03-21T12:06:36+00:00","dateModified":"2025-03-21T12:06:37+00:00","author":{"@id":"https:\/\/tkg-duisburg.de\/#\/schema\/person\/5a5b174492de297d4b57e9a3d89564ee"},"breadcrumb":{"@id":"https:\/\/tkg-duisburg.de\/?p=8727#breadcrumb"},"inLanguage":"de","potentialAction":[{"@type":"ReadAction","target":["https:\/\/tkg-duisburg.de\/?p=8727"]}]},{"@type":"ImageObject","inLanguage":"de","@id":"https:\/\/tkg-duisburg.de\/?p=8727#primaryimage","url":"https:\/\/tkg-duisburg.de\/wp-content\/uploads\/2025\/03\/IMG_6080-scaled.jpg","contentUrl":"https:\/\/tkg-duisburg.de\/wp-content\/uploads\/2025\/03\/IMG_6080-scaled.jpg","width":1861,"height":2560},{"@type":"BreadcrumbList","@id":"https:\/\/tkg-duisburg.de\/?p=8727#breadcrumb","itemListElement":[{"@type":"ListItem","position":1,"name":"Startseite","item":"https:\/\/tkg-duisburg.de\/"},{"@type":"ListItem","position":2,"name":"Erstes interkulturelles Fastenbrechen an der TKG"}]},{"@type":"WebSite","@id":"https:\/\/tkg-duisburg.de\/#website","url":"https:\/\/tkg-duisburg.de\/","name":"Theodor K\u00f6nig Gesamtschule Duisburg","description":"","potentialAction":[{"@type":"SearchAction","target":{"@type":"EntryPoint","urlTemplate":"https:\/\/tkg-duisburg.de\/?s={search_term_string}"},"query-input":"required name=search_term_string"}],"inLanguage":"de"},{"@type":"Person","@id":"https:\/\/tkg-duisburg.de\/#\/schema\/person\/5a5b174492de297d4b57e9a3d89564ee","name":"Bj\u00f6rn Becker","image":{"@type":"ImageObject","inLanguage":"de","@id":"https:\/\/tkg-duisburg.de\/#\/schema\/person\/image\/","url":"https:\/\/secure.gravatar.com\/avatar\/c7690b9f448fdd19e7a021d2d0201faa0dc70513a48fc7103388e3231c3056a4?s=96&d=mm&r=g","contentUrl":"https:\/\/secure.gravatar.com\/avatar\/c7690b9f448fdd19e7a021d2d0201faa0dc70513a48fc7103388e3231c3056a4?s=96&d=mm&r=g","caption":"Bj\u00f6rn Becker"},"url":"https:\/\/tkg-duisburg.de\/?author=5"}]}},"_links":{"self":[{"href":"https:\/\/tkg-duisburg.de\/index.php?rest_route=\/wp\/v2\/posts\/8727","targetHints":{"allow":["GET"]}}],"collection":[{"href":"https:\/\/tkg-duisburg.de\/index.php?rest_route=\/wp\/v2\/posts"}],"about":[{"href":"https:\/\/tkg-duisburg.de\/index.php?rest_route=\/wp\/v2\/types\/post"}],"author":[{"embeddable":true,"href":"https:\/\/tkg-duisburg.de\/index.php?rest_route=\/wp\/v2\/users\/5"}],"replies":[{"embeddable":true,"href":"https:\/\/tkg-duisburg.de\/index.php?rest_route=%2Fwp%2Fv2%2Fcomments&post=8727"}],"version-history":[{"count":1,"href":"https:\/\/tkg-duisburg.de\/index.php?rest_route=\/wp\/v2\/posts\/8727\/revisions"}],"predecessor-version":[{"id":8732,"href":"https:\/\/tkg-duisburg.de\/index.php?rest_route=\/wp\/v2\/posts\/8727\/revisions\/8732"}],"wp:attachment":[{"href":"https:\/\/tkg-duisburg.de\/index.php?rest_route=%2Fwp%2Fv2%2Fmedia&parent=8727"}],"wp:term":[{"taxonomy":"category","embeddable":true,"href":"https:\/\/tkg-duisburg.de\/index.php?rest_route=%2Fwp%2Fv2%2Fcategories&post=8727"},{"taxonomy":"post_tag","embeddable":true,"href":"https:\/\/tkg-duisburg.de\/index.php?rest_route=%2Fwp%2Fv2%2Ftags&post=8727"}],"curies":[{"name":"wp","href":"https:\/\/api.w.org\/{rel}","templated":true}]}}