{"id":8750,"date":"2025-05-22T21:38:51","date_gmt":"2025-05-22T19:38:51","guid":{"rendered":"https:\/\/tkg-duisburg.de\/?p=8750"},"modified":"2025-05-22T21:38:52","modified_gmt":"2025-05-22T19:38:52","slug":"zu-gast-bei-der-leg-immobilien-se-in-duesseldorf","status":"publish","type":"post","link":"https:\/\/tkg-duisburg.de\/?p=8750","title":{"rendered":"Zu Gast bei der LEG Immobilien SE in D\u00fcsseldorf"},"content":{"rendered":"\n<p>Bereits am 10.04.25 besuchten Sch\u00fclerinnen und Sch\u00fcler der Q 1 im Rahmen des von der TalentMetropole Ruhr organisierten Dialogs mit der Jugend eines der f\u00fchrenden, b\u00f6rsennotierten Wohnungsunternehmen und erhielten einen spannenden Einblick in die Wohnungswirtschaft aus erster Hand.<\/p>\n\n\n\n<figure class=\"wp-block-image size-large\"><img loading=\"lazy\" decoding=\"async\" width=\"1024\" height=\"613\" src=\"https:\/\/tkg-duisburg.de\/wp-content\/uploads\/2025\/05\/TMR-Dialog-mit-der-Jugend_LEG_10_04_25-23-1024x613.jpg\" alt=\"\" class=\"wp-image-8751\" srcset=\"https:\/\/tkg-duisburg.de\/wp-content\/uploads\/2025\/05\/TMR-Dialog-mit-der-Jugend_LEG_10_04_25-23-1024x613.jpg 1024w, https:\/\/tkg-duisburg.de\/wp-content\/uploads\/2025\/05\/TMR-Dialog-mit-der-Jugend_LEG_10_04_25-23-300x180.jpg 300w, https:\/\/tkg-duisburg.de\/wp-content\/uploads\/2025\/05\/TMR-Dialog-mit-der-Jugend_LEG_10_04_25-23-1536x920.jpg 1536w, https:\/\/tkg-duisburg.de\/wp-content\/uploads\/2025\/05\/TMR-Dialog-mit-der-Jugend_LEG_10_04_25-23-2048x1227.jpg 2048w\" sizes=\"auto, (max-width: 1024px) 100vw, 1024px\" \/><figcaption class=\"wp-element-caption\">Foto:Marc Albers<\/figcaption><\/figure>\n\n\n\n<!--more-->\n\n\n\n<p>Lars von Lackum, Vorstandsvorsitzender der LEG, beantwortete nicht nur Fragen zum Unternehmen, der Mietpreisbildung oder zur Situation auf dem Wohnungsmarkt, sondern stellte sich auch offen den Fragen zu seinen Erfahrungen, den Herausforderungen und den Erwartungen an die Politik im Hinblick \u201eauf sein Unternehmen\u201c.<\/p>\n\n\n\n<p>Begeistert war die Gruppe von seiner authentischen und offenen Art im Umgang mit pers\u00f6nlichen Fragen. Und so erfuhr man Einiges \u00fcber ihn als Person, seinen schulischen und beruflichen Werdegang, aber auch \u00fcber die Arbeit und Verantwortung eines Vorstandsvorsitzenden und nahm mit: \u201emit Neugier und Freude kann man alles erreichen\u201c.<\/p>\n\n\n\n<p>Bei einem Rundgang durch das Firmengeb\u00e4ude durften alle Teilnehmenden auch den traumhaften Ausblick auf den Benachbarten Flughafen geniessen.<\/p>\n\n\n\n<p>Mit vielen neuen Kenntnissen zur Wohnungswirtschaft ging es nach einem \u201eGet to-gether\u201c zur\u00fcck nach Duisburg, wobei die Gespr\u00e4che im Bus gepr\u00e4gt von der Pers\u00f6nlichkeit des Vorstandsvorsitzenden waren.<\/p>\n\n\n\n<figure class=\"wp-block-gallery has-nested-images columns-default is-cropped wp-block-gallery-1 is-layout-flex wp-block-gallery-is-layout-flex\">\n<figure class=\"wp-block-image size-large\"><img loading=\"lazy\" decoding=\"async\" width=\"1024\" height=\"768\" data-id=\"8752\" src=\"https:\/\/tkg-duisburg.de\/wp-content\/uploads\/2025\/05\/TMR-Dialog-mit-der-Jugend_LEG_10_04_25-40-1024x768.jpg\" alt=\"\" class=\"wp-image-8752\" srcset=\"https:\/\/tkg-duisburg.de\/wp-content\/uploads\/2025\/05\/TMR-Dialog-mit-der-Jugend_LEG_10_04_25-40-1024x768.jpg 1024w, https:\/\/tkg-duisburg.de\/wp-content\/uploads\/2025\/05\/TMR-Dialog-mit-der-Jugend_LEG_10_04_25-40-300x225.jpg 300w, https:\/\/tkg-duisburg.de\/wp-content\/uploads\/2025\/05\/TMR-Dialog-mit-der-Jugend_LEG_10_04_25-40-1536x1152.jpg 1536w, https:\/\/tkg-duisburg.de\/wp-content\/uploads\/2025\/05\/TMR-Dialog-mit-der-Jugend_LEG_10_04_25-40-2048x1536.jpg 2048w\" sizes=\"auto, (max-width: 1024px) 100vw, 1024px\" \/><figcaption class=\"wp-element-caption\">Foto:Marc Albers<\/figcaption><\/figure>\n\n\n\n<figure class=\"wp-block-image size-large\"><img loading=\"lazy\" decoding=\"async\" width=\"1024\" height=\"645\" data-id=\"8755\" src=\"https:\/\/tkg-duisburg.de\/wp-content\/uploads\/2025\/05\/TMR-Dialog-mit-der-Jugend_LEG_10_04_25-68-1024x645.jpg\" alt=\"\" class=\"wp-image-8755\" srcset=\"https:\/\/tkg-duisburg.de\/wp-content\/uploads\/2025\/05\/TMR-Dialog-mit-der-Jugend_LEG_10_04_25-68-1024x645.jpg 1024w, https:\/\/tkg-duisburg.de\/wp-content\/uploads\/2025\/05\/TMR-Dialog-mit-der-Jugend_LEG_10_04_25-68-300x189.jpg 300w, https:\/\/tkg-duisburg.de\/wp-content\/uploads\/2025\/05\/TMR-Dialog-mit-der-Jugend_LEG_10_04_25-68-1536x968.jpg 1536w, https:\/\/tkg-duisburg.de\/wp-content\/uploads\/2025\/05\/TMR-Dialog-mit-der-Jugend_LEG_10_04_25-68-2048x1291.jpg 2048w\" sizes=\"auto, (max-width: 1024px) 100vw, 1024px\" \/><figcaption class=\"wp-element-caption\">Foto:Marc Albers<\/figcaption><\/figure>\n\n\n\n<figure class=\"wp-block-image size-large\"><img loading=\"lazy\" decoding=\"async\" width=\"1024\" height=\"617\" data-id=\"8754\" src=\"https:\/\/tkg-duisburg.de\/wp-content\/uploads\/2025\/05\/Unknown-1-1024x617.jpeg\" alt=\"\" class=\"wp-image-8754\" srcset=\"https:\/\/tkg-duisburg.de\/wp-content\/uploads\/2025\/05\/Unknown-1-1024x617.jpeg 1024w, https:\/\/tkg-duisburg.de\/wp-content\/uploads\/2025\/05\/Unknown-1-300x181.jpeg 300w, https:\/\/tkg-duisburg.de\/wp-content\/uploads\/2025\/05\/Unknown-1-1536x926.jpeg 1536w, https:\/\/tkg-duisburg.de\/wp-content\/uploads\/2025\/05\/Unknown-1-2048x1234.jpeg 2048w\" sizes=\"auto, (max-width: 1024px) 100vw, 1024px\" \/><figcaption class=\"wp-element-caption\">Foto:Marc Albers<\/figcaption><\/figure>\n\n\n\n<figure class=\"wp-block-image size-large\"><img loading=\"lazy\" decoding=\"async\" width=\"1024\" height=\"656\" data-id=\"8753\" src=\"https:\/\/tkg-duisburg.de\/wp-content\/uploads\/2025\/05\/Unknown-1024x656.jpeg\" alt=\"\" class=\"wp-image-8753\" srcset=\"https:\/\/tkg-duisburg.de\/wp-content\/uploads\/2025\/05\/Unknown-1024x656.jpeg 1024w, https:\/\/tkg-duisburg.de\/wp-content\/uploads\/2025\/05\/Unknown-300x192.jpeg 300w, https:\/\/tkg-duisburg.de\/wp-content\/uploads\/2025\/05\/Unknown-1536x984.jpeg 1536w, https:\/\/tkg-duisburg.de\/wp-content\/uploads\/2025\/05\/Unknown-2048x1312.jpeg 2048w\" sizes=\"auto, (max-width: 1024px) 100vw, 1024px\" \/><figcaption class=\"wp-element-caption\">Foto:Marc Albers<\/figcaption><\/figure>\n<\/figure>\n\n\n\n<p><strong>C. Hiller-Kitzmann, Abteilungsleiterin Oberstufe<\/strong><\/p>\n\n\n\n<p>Fotos: Marc Albers<\/p>\n","protected":false},"excerpt":{"rendered":"<p>Bereits am 10.04.25 besuchten Sch\u00fclerinnen und Sch\u00fcler der Q 1 im Rahmen des von der TalentMetropole Ruhr organisierten Dialogs mit der Jugend eines der f\u00fchrenden, b\u00f6rsennotierten Wohnungsunternehmen und erhielten einen spannenden Einblick in die Wohnungswirtschaft aus erster Hand.<\/p>\n","protected":false},"author":5,"featured_media":0,"comment_status":"closed","ping_status":"open","sticky":false,"template":"","format":"standard","meta":{"footnotes":""},"categories":[31,27,57],"tags":[],"class_list":["post-8750","post","type-post","status-publish","format-standard","hentry","category-ausserschulisches-lernen","category-qi","category-talentfoerderung"],"yoast_head":"<!-- This site is optimized with the Yoast SEO plugin v22.6 - https:\/\/yoast.com\/wordpress\/plugins\/seo\/ -->\n<title>Zu Gast bei der LEG Immobilien SE in D\u00fcsseldorf - Theodor K\u00f6nig Gesamtschule Duisburg<\/title>\n<meta name=\"robots\" content=\"index, follow, max-snippet:-1, max-image-preview:large, max-video-preview:-1\" \/>\n<link rel=\"canonical\" href=\"https:\/\/tkg-duisburg.de\/?p=8750\" \/>\n<meta property=\"og:locale\" content=\"de_DE\" \/>\n<meta property=\"og:type\" content=\"article\" \/>\n<meta property=\"og:title\" content=\"Zu Gast bei der LEG Immobilien SE in D\u00fcsseldorf - Theodor K\u00f6nig Gesamtschule Duisburg\" \/>\n<meta property=\"og:description\" content=\"Bereits am 10.04.25 besuchten Sch\u00fclerinnen und Sch\u00fcler der Q 1 im Rahmen des von der TalentMetropole Ruhr organisierten Dialogs mit der Jugend eines der f\u00fchrenden, b\u00f6rsennotierten Wohnungsunternehmen und erhielten einen spannenden Einblick in die Wohnungswirtschaft aus erster Hand.\" \/>\n<meta property=\"og:url\" content=\"https:\/\/tkg-duisburg.de\/?p=8750\" \/>\n<meta property=\"og:site_name\" content=\"Theodor K\u00f6nig Gesamtschule Duisburg\" \/>\n<meta property=\"article:published_time\" content=\"2025-05-22T19:38:51+00:00\" \/>\n<meta property=\"article:modified_time\" content=\"2025-05-22T19:38:52+00:00\" \/>\n<meta property=\"og:image\" content=\"https:\/\/tkg-duisburg.de\/wp-content\/uploads\/2025\/05\/TMR-Dialog-mit-der-Jugend_LEG_10_04_25-23-1024x613.jpg\" \/>\n<meta name=\"author\" content=\"Bj\u00f6rn Becker\" \/>\n<meta name=\"twitter:card\" content=\"summary_large_image\" \/>\n<meta name=\"twitter:label1\" content=\"Verfasst von\" \/>\n\t<meta name=\"twitter:data1\" content=\"Bj\u00f6rn Becker\" \/>\n\t<meta name=\"twitter:label2\" content=\"Gesch\u00e4tzte Lesezeit\" \/>\n\t<meta name=\"twitter:data2\" content=\"1\u00a0Minute\" \/>\n<script type=\"application\/ld+json\" class=\"yoast-schema-graph\">{\"@context\":\"https:\/\/schema.org\",\"@graph\":[{\"@type\":\"WebPage\",\"@id\":\"https:\/\/tkg-duisburg.de\/?p=8750\",\"url\":\"https:\/\/tkg-duisburg.de\/?p=8750\",\"name\":\"Zu Gast bei der LEG Immobilien SE in D\u00fcsseldorf - Theodor K\u00f6nig Gesamtschule Duisburg\",\"isPartOf\":{\"@id\":\"https:\/\/tkg-duisburg.de\/#website\"},\"primaryImageOfPage\":{\"@id\":\"https:\/\/tkg-duisburg.de\/?p=8750#primaryimage\"},\"image\":{\"@id\":\"https:\/\/tkg-duisburg.de\/?p=8750#primaryimage\"},\"thumbnailUrl\":\"https:\/\/tkg-duisburg.de\/wp-content\/uploads\/2025\/05\/TMR-Dialog-mit-der-Jugend_LEG_10_04_25-23-1024x613.jpg\",\"datePublished\":\"2025-05-22T19:38:51+00:00\",\"dateModified\":\"2025-05-22T19:38:52+00:00\",\"author\":{\"@id\":\"https:\/\/tkg-duisburg.de\/#\/schema\/person\/5a5b174492de297d4b57e9a3d89564ee\"},\"breadcrumb\":{\"@id\":\"https:\/\/tkg-duisburg.de\/?p=8750#breadcrumb\"},\"inLanguage\":\"de\",\"potentialAction\":[{\"@type\":\"ReadAction\",\"target\":[\"https:\/\/tkg-duisburg.de\/?p=8750\"]}]},{\"@type\":\"ImageObject\",\"inLanguage\":\"de\",\"@id\":\"https:\/\/tkg-duisburg.de\/?p=8750#primaryimage\",\"url\":\"https:\/\/tkg-duisburg.de\/wp-content\/uploads\/2025\/05\/TMR-Dialog-mit-der-Jugend_LEG_10_04_25-23-scaled.jpg\",\"contentUrl\":\"https:\/\/tkg-duisburg.de\/wp-content\/uploads\/2025\/05\/TMR-Dialog-mit-der-Jugend_LEG_10_04_25-23-scaled.jpg\",\"width\":2560,\"height\":1533,\"caption\":\"Foto:Marc Albers\"},{\"@type\":\"BreadcrumbList\",\"@id\":\"https:\/\/tkg-duisburg.de\/?p=8750#breadcrumb\",\"itemListElement\":[{\"@type\":\"ListItem\",\"position\":1,\"name\":\"Startseite\",\"item\":\"https:\/\/tkg-duisburg.de\/\"},{\"@type\":\"ListItem\",\"position\":2,\"name\":\"Zu Gast bei der LEG Immobilien SE in D\u00fcsseldorf\"}]},{\"@type\":\"WebSite\",\"@id\":\"https:\/\/tkg-duisburg.de\/#website\",\"url\":\"https:\/\/tkg-duisburg.de\/\",\"name\":\"Theodor K\u00f6nig Gesamtschule Duisburg\",\"description\":\"\",\"potentialAction\":[{\"@type\":\"SearchAction\",\"target\":{\"@type\":\"EntryPoint\",\"urlTemplate\":\"https:\/\/tkg-duisburg.de\/?s={search_term_string}\"},\"query-input\":\"required name=search_term_string\"}],\"inLanguage\":\"de\"},{\"@type\":\"Person\",\"@id\":\"https:\/\/tkg-duisburg.de\/#\/schema\/person\/5a5b174492de297d4b57e9a3d89564ee\",\"name\":\"Bj\u00f6rn Becker\",\"image\":{\"@type\":\"ImageObject\",\"inLanguage\":\"de\",\"@id\":\"https:\/\/tkg-duisburg.de\/#\/schema\/person\/image\/\",\"url\":\"https:\/\/secure.gravatar.com\/avatar\/c7690b9f448fdd19e7a021d2d0201faa0dc70513a48fc7103388e3231c3056a4?s=96&d=mm&r=g\",\"contentUrl\":\"https:\/\/secure.gravatar.com\/avatar\/c7690b9f448fdd19e7a021d2d0201faa0dc70513a48fc7103388e3231c3056a4?s=96&d=mm&r=g\",\"caption\":\"Bj\u00f6rn Becker\"},\"url\":\"https:\/\/tkg-duisburg.de\/?author=5\"}]}<\/script>\n<!-- \/ Yoast SEO plugin. -->","yoast_head_json":{"title":"Zu Gast bei der LEG Immobilien SE in D\u00fcsseldorf - Theodor K\u00f6nig Gesamtschule Duisburg","robots":{"index":"index","follow":"follow","max-snippet":"max-snippet:-1","max-image-preview":"max-image-preview:large","max-video-preview":"max-video-preview:-1"},"canonical":"https:\/\/tkg-duisburg.de\/?p=8750","og_locale":"de_DE","og_type":"article","og_title":"Zu Gast bei der LEG Immobilien SE in D\u00fcsseldorf - Theodor K\u00f6nig Gesamtschule Duisburg","og_description":"Bereits am 10.04.25 besuchten Sch\u00fclerinnen und Sch\u00fcler der Q 1 im Rahmen des von der TalentMetropole Ruhr organisierten Dialogs mit der Jugend eines der f\u00fchrenden, b\u00f6rsennotierten Wohnungsunternehmen und erhielten einen spannenden Einblick in die Wohnungswirtschaft aus erster Hand.","og_url":"https:\/\/tkg-duisburg.de\/?p=8750","og_site_name":"Theodor K\u00f6nig Gesamtschule Duisburg","article_published_time":"2025-05-22T19:38:51+00:00","article_modified_time":"2025-05-22T19:38:52+00:00","og_image":[{"url":"https:\/\/tkg-duisburg.de\/wp-content\/uploads\/2025\/05\/TMR-Dialog-mit-der-Jugend_LEG_10_04_25-23-1024x613.jpg"}],"author":"Bj\u00f6rn Becker","twitter_card":"summary_large_image","twitter_misc":{"Verfasst von":"Bj\u00f6rn Becker","Gesch\u00e4tzte Lesezeit":"1\u00a0Minute"},"schema":{"@context":"https:\/\/schema.org","@graph":[{"@type":"WebPage","@id":"https:\/\/tkg-duisburg.de\/?p=8750","url":"https:\/\/tkg-duisburg.de\/?p=8750","name":"Zu Gast bei der LEG Immobilien SE in D\u00fcsseldorf - Theodor K\u00f6nig Gesamtschule Duisburg","isPartOf":{"@id":"https:\/\/tkg-duisburg.de\/#website"},"primaryImageOfPage":{"@id":"https:\/\/tkg-duisburg.de\/?p=8750#primaryimage"},"image":{"@id":"https:\/\/tkg-duisburg.de\/?p=8750#primaryimage"},"thumbnailUrl":"https:\/\/tkg-duisburg.de\/wp-content\/uploads\/2025\/05\/TMR-Dialog-mit-der-Jugend_LEG_10_04_25-23-1024x613.jpg","datePublished":"2025-05-22T19:38:51+00:00","dateModified":"2025-05-22T19:38:52+00:00","author":{"@id":"https:\/\/tkg-duisburg.de\/#\/schema\/person\/5a5b174492de297d4b57e9a3d89564ee"},"breadcrumb":{"@id":"https:\/\/tkg-duisburg.de\/?p=8750#breadcrumb"},"inLanguage":"de","potentialAction":[{"@type":"ReadAction","target":["https:\/\/tkg-duisburg.de\/?p=8750"]}]},{"@type":"ImageObject","inLanguage":"de","@id":"https:\/\/tkg-duisburg.de\/?p=8750#primaryimage","url":"https:\/\/tkg-duisburg.de\/wp-content\/uploads\/2025\/05\/TMR-Dialog-mit-der-Jugend_LEG_10_04_25-23-scaled.jpg","contentUrl":"https:\/\/tkg-duisburg.de\/wp-content\/uploads\/2025\/05\/TMR-Dialog-mit-der-Jugend_LEG_10_04_25-23-scaled.jpg","width":2560,"height":1533,"caption":"Foto:Marc Albers"},{"@type":"BreadcrumbList","@id":"https:\/\/tkg-duisburg.de\/?p=8750#breadcrumb","itemListElement":[{"@type":"ListItem","position":1,"name":"Startseite","item":"https:\/\/tkg-duisburg.de\/"},{"@type":"ListItem","position":2,"name":"Zu Gast bei der LEG Immobilien SE in D\u00fcsseldorf"}]},{"@type":"WebSite","@id":"https:\/\/tkg-duisburg.de\/#website","url":"https:\/\/tkg-duisburg.de\/","name":"Theodor K\u00f6nig Gesamtschule Duisburg","description":"","potentialAction":[{"@type":"SearchAction","target":{"@type":"EntryPoint","urlTemplate":"https:\/\/tkg-duisburg.de\/?s={search_term_string}"},"query-input":"required name=search_term_string"}],"inLanguage":"de"},{"@type":"Person","@id":"https:\/\/tkg-duisburg.de\/#\/schema\/person\/5a5b174492de297d4b57e9a3d89564ee","name":"Bj\u00f6rn Becker","image":{"@type":"ImageObject","inLanguage":"de","@id":"https:\/\/tkg-duisburg.de\/#\/schema\/person\/image\/","url":"https:\/\/secure.gravatar.com\/avatar\/c7690b9f448fdd19e7a021d2d0201faa0dc70513a48fc7103388e3231c3056a4?s=96&d=mm&r=g","contentUrl":"https:\/\/secure.gravatar.com\/avatar\/c7690b9f448fdd19e7a021d2d0201faa0dc70513a48fc7103388e3231c3056a4?s=96&d=mm&r=g","caption":"Bj\u00f6rn Becker"},"url":"https:\/\/tkg-duisburg.de\/?author=5"}]}},"_links":{"self":[{"href":"https:\/\/tkg-duisburg.de\/index.php?rest_route=\/wp\/v2\/posts\/8750","targetHints":{"allow":["GET"]}}],"collection":[{"href":"https:\/\/tkg-duisburg.de\/index.php?rest_route=\/wp\/v2\/posts"}],"about":[{"href":"https:\/\/tkg-duisburg.de\/index.php?rest_route=\/wp\/v2\/types\/post"}],"author":[{"embeddable":true,"href":"https:\/\/tkg-duisburg.de\/index.php?rest_route=\/wp\/v2\/users\/5"}],"replies":[{"embeddable":true,"href":"https:\/\/tkg-duisburg.de\/index.php?rest_route=%2Fwp%2Fv2%2Fcomments&post=8750"}],"version-history":[{"count":1,"href":"https:\/\/tkg-duisburg.de\/index.php?rest_route=\/wp\/v2\/posts\/8750\/revisions"}],"predecessor-version":[{"id":8756,"href":"https:\/\/tkg-duisburg.de\/index.php?rest_route=\/wp\/v2\/posts\/8750\/revisions\/8756"}],"wp:attachment":[{"href":"https:\/\/tkg-duisburg.de\/index.php?rest_route=%2Fwp%2Fv2%2Fmedia&parent=8750"}],"wp:term":[{"taxonomy":"category","embeddable":true,"href":"https:\/\/tkg-duisburg.de\/index.php?rest_route=%2Fwp%2Fv2%2Fcategories&post=8750"},{"taxonomy":"post_tag","embeddable":true,"href":"https:\/\/tkg-duisburg.de\/index.php?rest_route=%2Fwp%2Fv2%2Ftags&post=8750"}],"curies":[{"name":"wp","href":"https:\/\/api.w.org\/{rel}","templated":true}]}}