{"id":8757,"date":"2025-05-22T21:41:14","date_gmt":"2025-05-22T19:41:14","guid":{"rendered":"https:\/\/tkg-duisburg.de\/?p=8757"},"modified":"2025-05-22T21:41:15","modified_gmt":"2025-05-22T19:41:15","slug":"wissenschaftsforum-mobilitaet","status":"publish","type":"post","link":"https:\/\/tkg-duisburg.de\/?p=8757","title":{"rendered":"Wissenschaftsforum Mobilit\u00e4t"},"content":{"rendered":"\n<h2 class=\"wp-block-heading\"><strong>\u201eSolving Conflicts on the Way to Sustainable Mobility\u201d<\/strong><\/h2>\n\n\n\n<p>Unsere Jahrgangsstufe EF folgte der Premiereneinladung von Herrn David Meyer (Doktorand &amp; Projektleiter BiFlex-Industrie der Universit\u00e4t Duisburg-Essen) an Schulklassen zur Teilnahme am Wissenschaftsforum.<\/p>\n\n\n\n<figure class=\"wp-block-image size-large\"><img loading=\"lazy\" decoding=\"async\" width=\"1024\" height=\"683\" src=\"https:\/\/tkg-duisburg.de\/wp-content\/uploads\/2025\/05\/unidue-kl-318-1024x683.jpg\" alt=\"\" class=\"wp-image-8758\" srcset=\"https:\/\/tkg-duisburg.de\/wp-content\/uploads\/2025\/05\/unidue-kl-318-1024x683.jpg 1024w, https:\/\/tkg-duisburg.de\/wp-content\/uploads\/2025\/05\/unidue-kl-318-300x200.jpg 300w, https:\/\/tkg-duisburg.de\/wp-content\/uploads\/2025\/05\/unidue-kl-318-1536x1025.jpg 1536w, https:\/\/tkg-duisburg.de\/wp-content\/uploads\/2025\/05\/unidue-kl-318.jpg 2000w\" sizes=\"auto, (max-width: 1024px) 100vw, 1024px\" \/><\/figure>\n\n\n\n<!--more-->\n\n\n\n<p>Seit 2009 findet das Wissenschaftsforum, bei dem Fachleute ihre Forschungsergebnisse vorstellen, intensive Diskussionen zum Thema Mobilit\u00e4t f\u00fchren in Duisburg statt und wir durften einen Einblick in die aktuellen Entwicklungen und M\u00f6glichkeiten erhalten.<\/p>\n\n\n\n<p>In einem kurzen, informativen und interaktiven Vortrag erhielt der Jahrgang zun\u00e4chst einen Einblick in das Thema \u201eNachhaltige Mobilit\u00e4t\u201c, den aktuellen Stand, aber auch einen Ausblick auf zuk\u00fcnftige Entwicklungen \/ Gestaltungsm\u00f6glichkeiten und m\u00f6gliche Herausforderungen \/ Konflikte.<\/p>\n\n\n\n<p>Highlight war sicher der abschlie\u00dfende Rundgang bei den diversen Ausstellern, der nicht nur zeigte, was schon m\u00f6glich ist oder sein k\u00f6nnte. Parkraumbewirtschaftung, individueller \u00d6PNV, Seilbahn in Duisburg, Tesla u.v.m. boten zahlreiche Gespr\u00e4chsanl\u00e4sse.<\/p>\n\n\n\n<p>Und zum Ende wusste der Jahrgang \u201eSustainable Mobilty\u201c wird unser Leben pr\u00e4gen und wir sind Teil dieser Entwicklung.<\/p>\n\n\n\n<figure class=\"wp-block-gallery has-nested-images columns-default is-cropped wp-block-gallery-1 is-layout-flex wp-block-gallery-is-layout-flex\">\n<figure class=\"wp-block-image size-large\"><img loading=\"lazy\" decoding=\"async\" width=\"1024\" height=\"683\" data-id=\"8759\" src=\"https:\/\/tkg-duisburg.de\/wp-content\/uploads\/2025\/05\/unidue-kl-290-2-1024x683.jpg\" alt=\"\" class=\"wp-image-8759\" srcset=\"https:\/\/tkg-duisburg.de\/wp-content\/uploads\/2025\/05\/unidue-kl-290-2-1024x683.jpg 1024w, https:\/\/tkg-duisburg.de\/wp-content\/uploads\/2025\/05\/unidue-kl-290-2-300x200.jpg 300w, https:\/\/tkg-duisburg.de\/wp-content\/uploads\/2025\/05\/unidue-kl-290-2-1536x1025.jpg 1536w, https:\/\/tkg-duisburg.de\/wp-content\/uploads\/2025\/05\/unidue-kl-290-2.jpg 2000w\" sizes=\"auto, (max-width: 1024px) 100vw, 1024px\" \/><\/figure>\n\n\n\n<figure class=\"wp-block-image size-large\"><img loading=\"lazy\" decoding=\"async\" width=\"1024\" height=\"683\" data-id=\"8760\" src=\"https:\/\/tkg-duisburg.de\/wp-content\/uploads\/2025\/05\/unidue-kl-293-1024x683.jpg\" alt=\"\" class=\"wp-image-8760\" srcset=\"https:\/\/tkg-duisburg.de\/wp-content\/uploads\/2025\/05\/unidue-kl-293-1024x683.jpg 1024w, https:\/\/tkg-duisburg.de\/wp-content\/uploads\/2025\/05\/unidue-kl-293-300x200.jpg 300w, https:\/\/tkg-duisburg.de\/wp-content\/uploads\/2025\/05\/unidue-kl-293-1536x1025.jpg 1536w, https:\/\/tkg-duisburg.de\/wp-content\/uploads\/2025\/05\/unidue-kl-293.jpg 2000w\" sizes=\"auto, (max-width: 1024px) 100vw, 1024px\" \/><\/figure>\n\n\n\n<figure class=\"wp-block-image size-large\"><img loading=\"lazy\" decoding=\"async\" width=\"1024\" height=\"683\" data-id=\"8761\" src=\"https:\/\/tkg-duisburg.de\/wp-content\/uploads\/2025\/05\/unidue-kl-321-1024x683.jpg\" alt=\"\" class=\"wp-image-8761\" srcset=\"https:\/\/tkg-duisburg.de\/wp-content\/uploads\/2025\/05\/unidue-kl-321-1024x683.jpg 1024w, https:\/\/tkg-duisburg.de\/wp-content\/uploads\/2025\/05\/unidue-kl-321-300x200.jpg 300w, https:\/\/tkg-duisburg.de\/wp-content\/uploads\/2025\/05\/unidue-kl-321-1536x1025.jpg 1536w, https:\/\/tkg-duisburg.de\/wp-content\/uploads\/2025\/05\/unidue-kl-321.jpg 2000w\" sizes=\"auto, (max-width: 1024px) 100vw, 1024px\" \/><\/figure>\n\n\n\n<figure class=\"wp-block-image size-large\"><img loading=\"lazy\" decoding=\"async\" width=\"1024\" height=\"683\" data-id=\"8763\" src=\"https:\/\/tkg-duisburg.de\/wp-content\/uploads\/2025\/05\/unidue-25-1024x683.jpg\" alt=\"\" class=\"wp-image-8763\" srcset=\"https:\/\/tkg-duisburg.de\/wp-content\/uploads\/2025\/05\/unidue-25-1024x683.jpg 1024w, https:\/\/tkg-duisburg.de\/wp-content\/uploads\/2025\/05\/unidue-25-300x200.jpg 300w, https:\/\/tkg-duisburg.de\/wp-content\/uploads\/2025\/05\/unidue-25.jpg 1500w\" sizes=\"auto, (max-width: 1024px) 100vw, 1024px\" \/><\/figure>\n\n\n\n<figure class=\"wp-block-image size-large\"><img loading=\"lazy\" decoding=\"async\" width=\"1024\" height=\"683\" data-id=\"8762\" src=\"https:\/\/tkg-duisburg.de\/wp-content\/uploads\/2025\/05\/unidue-2-1024x683.jpg\" alt=\"\" class=\"wp-image-8762\" srcset=\"https:\/\/tkg-duisburg.de\/wp-content\/uploads\/2025\/05\/unidue-2-1024x683.jpg 1024w, https:\/\/tkg-duisburg.de\/wp-content\/uploads\/2025\/05\/unidue-2-300x200.jpg 300w, https:\/\/tkg-duisburg.de\/wp-content\/uploads\/2025\/05\/unidue-2.jpg 1500w\" sizes=\"auto, (max-width: 1024px) 100vw, 1024px\" \/><\/figure>\n<\/figure>\n\n\n\n<p><strong>Fotos: zur Verwendung gestellt von David Meyer<\/strong><\/p>\n\n\n\n<p><strong>T. Milika, Beratungslehrer EF<\/strong><\/p>\n\n\n\n<p><strong>C. Hiller-Kitzmann, Abteilungsleiterin Oberstufe<\/strong><\/p>\n","protected":false},"excerpt":{"rendered":"<p>\u201eSolving Conflicts on the Way to Sustainable Mobility\u201d Unsere Jahrgangsstufe EF folgte der Premiereneinladung von Herrn David Meyer (Doktorand &amp; Projektleiter BiFlex-Industrie der Universit\u00e4t Duisburg-Essen) an Schulklassen zur Teilnahme am Wissenschaftsforum.<\/p>\n","protected":false},"author":5,"featured_media":0,"comment_status":"closed","ping_status":"open","sticky":false,"template":"","format":"standard","meta":{"footnotes":""},"categories":[31,20],"tags":[],"class_list":["post-8757","post","type-post","status-publish","format-standard","hentry","category-ausserschulisches-lernen","category-ef"],"yoast_head":"<!-- This site is optimized with the Yoast SEO plugin v22.6 - https:\/\/yoast.com\/wordpress\/plugins\/seo\/ -->\n<title>Wissenschaftsforum Mobilit\u00e4t - Theodor K\u00f6nig Gesamtschule Duisburg<\/title>\n<meta name=\"robots\" content=\"index, follow, max-snippet:-1, max-image-preview:large, max-video-preview:-1\" \/>\n<link rel=\"canonical\" href=\"https:\/\/tkg-duisburg.de\/?p=8757\" \/>\n<meta property=\"og:locale\" content=\"de_DE\" \/>\n<meta property=\"og:type\" content=\"article\" \/>\n<meta property=\"og:title\" content=\"Wissenschaftsforum Mobilit\u00e4t - Theodor K\u00f6nig Gesamtschule Duisburg\" \/>\n<meta property=\"og:description\" content=\"\u201eSolving Conflicts on the Way to Sustainable Mobility\u201d Unsere Jahrgangsstufe EF folgte der Premiereneinladung von Herrn David Meyer (Doktorand &amp; Projektleiter BiFlex-Industrie der Universit\u00e4t Duisburg-Essen) an Schulklassen zur Teilnahme am Wissenschaftsforum.\" \/>\n<meta property=\"og:url\" content=\"https:\/\/tkg-duisburg.de\/?p=8757\" \/>\n<meta property=\"og:site_name\" content=\"Theodor K\u00f6nig Gesamtschule Duisburg\" \/>\n<meta property=\"article:published_time\" content=\"2025-05-22T19:41:14+00:00\" \/>\n<meta property=\"article:modified_time\" content=\"2025-05-22T19:41:15+00:00\" \/>\n<meta property=\"og:image\" content=\"https:\/\/tkg-duisburg.de\/wp-content\/uploads\/2025\/05\/unidue-kl-318-1024x683.jpg\" \/>\n<meta name=\"author\" content=\"Bj\u00f6rn Becker\" \/>\n<meta name=\"twitter:card\" content=\"summary_large_image\" \/>\n<meta name=\"twitter:label1\" content=\"Verfasst von\" \/>\n\t<meta name=\"twitter:data1\" content=\"Bj\u00f6rn Becker\" \/>\n\t<meta name=\"twitter:label2\" content=\"Gesch\u00e4tzte Lesezeit\" \/>\n\t<meta name=\"twitter:data2\" content=\"1\u00a0Minute\" \/>\n<script type=\"application\/ld+json\" class=\"yoast-schema-graph\">{\"@context\":\"https:\/\/schema.org\",\"@graph\":[{\"@type\":\"WebPage\",\"@id\":\"https:\/\/tkg-duisburg.de\/?p=8757\",\"url\":\"https:\/\/tkg-duisburg.de\/?p=8757\",\"name\":\"Wissenschaftsforum Mobilit\u00e4t - Theodor K\u00f6nig Gesamtschule Duisburg\",\"isPartOf\":{\"@id\":\"https:\/\/tkg-duisburg.de\/#website\"},\"primaryImageOfPage\":{\"@id\":\"https:\/\/tkg-duisburg.de\/?p=8757#primaryimage\"},\"image\":{\"@id\":\"https:\/\/tkg-duisburg.de\/?p=8757#primaryimage\"},\"thumbnailUrl\":\"https:\/\/tkg-duisburg.de\/wp-content\/uploads\/2025\/05\/unidue-kl-318-1024x683.jpg\",\"datePublished\":\"2025-05-22T19:41:14+00:00\",\"dateModified\":\"2025-05-22T19:41:15+00:00\",\"author\":{\"@id\":\"https:\/\/tkg-duisburg.de\/#\/schema\/person\/5a5b174492de297d4b57e9a3d89564ee\"},\"breadcrumb\":{\"@id\":\"https:\/\/tkg-duisburg.de\/?p=8757#breadcrumb\"},\"inLanguage\":\"de\",\"potentialAction\":[{\"@type\":\"ReadAction\",\"target\":[\"https:\/\/tkg-duisburg.de\/?p=8757\"]}]},{\"@type\":\"ImageObject\",\"inLanguage\":\"de\",\"@id\":\"https:\/\/tkg-duisburg.de\/?p=8757#primaryimage\",\"url\":\"https:\/\/tkg-duisburg.de\/wp-content\/uploads\/2025\/05\/unidue-kl-318.jpg\",\"contentUrl\":\"https:\/\/tkg-duisburg.de\/wp-content\/uploads\/2025\/05\/unidue-kl-318.jpg\",\"width\":2000,\"height\":1334},{\"@type\":\"BreadcrumbList\",\"@id\":\"https:\/\/tkg-duisburg.de\/?p=8757#breadcrumb\",\"itemListElement\":[{\"@type\":\"ListItem\",\"position\":1,\"name\":\"Startseite\",\"item\":\"https:\/\/tkg-duisburg.de\/\"},{\"@type\":\"ListItem\",\"position\":2,\"name\":\"Wissenschaftsforum Mobilit\u00e4t\"}]},{\"@type\":\"WebSite\",\"@id\":\"https:\/\/tkg-duisburg.de\/#website\",\"url\":\"https:\/\/tkg-duisburg.de\/\",\"name\":\"Theodor K\u00f6nig Gesamtschule Duisburg\",\"description\":\"\",\"potentialAction\":[{\"@type\":\"SearchAction\",\"target\":{\"@type\":\"EntryPoint\",\"urlTemplate\":\"https:\/\/tkg-duisburg.de\/?s={search_term_string}\"},\"query-input\":\"required name=search_term_string\"}],\"inLanguage\":\"de\"},{\"@type\":\"Person\",\"@id\":\"https:\/\/tkg-duisburg.de\/#\/schema\/person\/5a5b174492de297d4b57e9a3d89564ee\",\"name\":\"Bj\u00f6rn Becker\",\"image\":{\"@type\":\"ImageObject\",\"inLanguage\":\"de\",\"@id\":\"https:\/\/tkg-duisburg.de\/#\/schema\/person\/image\/\",\"url\":\"https:\/\/secure.gravatar.com\/avatar\/c7690b9f448fdd19e7a021d2d0201faa0dc70513a48fc7103388e3231c3056a4?s=96&d=mm&r=g\",\"contentUrl\":\"https:\/\/secure.gravatar.com\/avatar\/c7690b9f448fdd19e7a021d2d0201faa0dc70513a48fc7103388e3231c3056a4?s=96&d=mm&r=g\",\"caption\":\"Bj\u00f6rn Becker\"},\"url\":\"https:\/\/tkg-duisburg.de\/?author=5\"}]}<\/script>\n<!-- \/ Yoast SEO plugin. -->","yoast_head_json":{"title":"Wissenschaftsforum Mobilit\u00e4t - Theodor K\u00f6nig Gesamtschule Duisburg","robots":{"index":"index","follow":"follow","max-snippet":"max-snippet:-1","max-image-preview":"max-image-preview:large","max-video-preview":"max-video-preview:-1"},"canonical":"https:\/\/tkg-duisburg.de\/?p=8757","og_locale":"de_DE","og_type":"article","og_title":"Wissenschaftsforum Mobilit\u00e4t - Theodor K\u00f6nig Gesamtschule Duisburg","og_description":"\u201eSolving Conflicts on the Way to Sustainable Mobility\u201d Unsere Jahrgangsstufe EF folgte der Premiereneinladung von Herrn David Meyer (Doktorand &amp; Projektleiter BiFlex-Industrie der Universit\u00e4t Duisburg-Essen) an Schulklassen zur Teilnahme am Wissenschaftsforum.","og_url":"https:\/\/tkg-duisburg.de\/?p=8757","og_site_name":"Theodor K\u00f6nig Gesamtschule Duisburg","article_published_time":"2025-05-22T19:41:14+00:00","article_modified_time":"2025-05-22T19:41:15+00:00","og_image":[{"url":"https:\/\/tkg-duisburg.de\/wp-content\/uploads\/2025\/05\/unidue-kl-318-1024x683.jpg"}],"author":"Bj\u00f6rn Becker","twitter_card":"summary_large_image","twitter_misc":{"Verfasst von":"Bj\u00f6rn Becker","Gesch\u00e4tzte Lesezeit":"1\u00a0Minute"},"schema":{"@context":"https:\/\/schema.org","@graph":[{"@type":"WebPage","@id":"https:\/\/tkg-duisburg.de\/?p=8757","url":"https:\/\/tkg-duisburg.de\/?p=8757","name":"Wissenschaftsforum Mobilit\u00e4t - Theodor K\u00f6nig Gesamtschule Duisburg","isPartOf":{"@id":"https:\/\/tkg-duisburg.de\/#website"},"primaryImageOfPage":{"@id":"https:\/\/tkg-duisburg.de\/?p=8757#primaryimage"},"image":{"@id":"https:\/\/tkg-duisburg.de\/?p=8757#primaryimage"},"thumbnailUrl":"https:\/\/tkg-duisburg.de\/wp-content\/uploads\/2025\/05\/unidue-kl-318-1024x683.jpg","datePublished":"2025-05-22T19:41:14+00:00","dateModified":"2025-05-22T19:41:15+00:00","author":{"@id":"https:\/\/tkg-duisburg.de\/#\/schema\/person\/5a5b174492de297d4b57e9a3d89564ee"},"breadcrumb":{"@id":"https:\/\/tkg-duisburg.de\/?p=8757#breadcrumb"},"inLanguage":"de","potentialAction":[{"@type":"ReadAction","target":["https:\/\/tkg-duisburg.de\/?p=8757"]}]},{"@type":"ImageObject","inLanguage":"de","@id":"https:\/\/tkg-duisburg.de\/?p=8757#primaryimage","url":"https:\/\/tkg-duisburg.de\/wp-content\/uploads\/2025\/05\/unidue-kl-318.jpg","contentUrl":"https:\/\/tkg-duisburg.de\/wp-content\/uploads\/2025\/05\/unidue-kl-318.jpg","width":2000,"height":1334},{"@type":"BreadcrumbList","@id":"https:\/\/tkg-duisburg.de\/?p=8757#breadcrumb","itemListElement":[{"@type":"ListItem","position":1,"name":"Startseite","item":"https:\/\/tkg-duisburg.de\/"},{"@type":"ListItem","position":2,"name":"Wissenschaftsforum Mobilit\u00e4t"}]},{"@type":"WebSite","@id":"https:\/\/tkg-duisburg.de\/#website","url":"https:\/\/tkg-duisburg.de\/","name":"Theodor K\u00f6nig Gesamtschule Duisburg","description":"","potentialAction":[{"@type":"SearchAction","target":{"@type":"EntryPoint","urlTemplate":"https:\/\/tkg-duisburg.de\/?s={search_term_string}"},"query-input":"required name=search_term_string"}],"inLanguage":"de"},{"@type":"Person","@id":"https:\/\/tkg-duisburg.de\/#\/schema\/person\/5a5b174492de297d4b57e9a3d89564ee","name":"Bj\u00f6rn Becker","image":{"@type":"ImageObject","inLanguage":"de","@id":"https:\/\/tkg-duisburg.de\/#\/schema\/person\/image\/","url":"https:\/\/secure.gravatar.com\/avatar\/c7690b9f448fdd19e7a021d2d0201faa0dc70513a48fc7103388e3231c3056a4?s=96&d=mm&r=g","contentUrl":"https:\/\/secure.gravatar.com\/avatar\/c7690b9f448fdd19e7a021d2d0201faa0dc70513a48fc7103388e3231c3056a4?s=96&d=mm&r=g","caption":"Bj\u00f6rn Becker"},"url":"https:\/\/tkg-duisburg.de\/?author=5"}]}},"_links":{"self":[{"href":"https:\/\/tkg-duisburg.de\/index.php?rest_route=\/wp\/v2\/posts\/8757","targetHints":{"allow":["GET"]}}],"collection":[{"href":"https:\/\/tkg-duisburg.de\/index.php?rest_route=\/wp\/v2\/posts"}],"about":[{"href":"https:\/\/tkg-duisburg.de\/index.php?rest_route=\/wp\/v2\/types\/post"}],"author":[{"embeddable":true,"href":"https:\/\/tkg-duisburg.de\/index.php?rest_route=\/wp\/v2\/users\/5"}],"replies":[{"embeddable":true,"href":"https:\/\/tkg-duisburg.de\/index.php?rest_route=%2Fwp%2Fv2%2Fcomments&post=8757"}],"version-history":[{"count":1,"href":"https:\/\/tkg-duisburg.de\/index.php?rest_route=\/wp\/v2\/posts\/8757\/revisions"}],"predecessor-version":[{"id":8764,"href":"https:\/\/tkg-duisburg.de\/index.php?rest_route=\/wp\/v2\/posts\/8757\/revisions\/8764"}],"wp:attachment":[{"href":"https:\/\/tkg-duisburg.de\/index.php?rest_route=%2Fwp%2Fv2%2Fmedia&parent=8757"}],"wp:term":[{"taxonomy":"category","embeddable":true,"href":"https:\/\/tkg-duisburg.de\/index.php?rest_route=%2Fwp%2Fv2%2Fcategories&post=8757"},{"taxonomy":"post_tag","embeddable":true,"href":"https:\/\/tkg-duisburg.de\/index.php?rest_route=%2Fwp%2Fv2%2Ftags&post=8757"}],"curies":[{"name":"wp","href":"https:\/\/api.w.org\/{rel}","templated":true}]}}