{"id":8773,"date":"2025-05-27T13:45:42","date_gmt":"2025-05-27T11:45:42","guid":{"rendered":"https:\/\/tkg-duisburg.de\/?p=8773"},"modified":"2025-05-28T09:42:10","modified_gmt":"2025-05-28T07:42:10","slug":"die-parisfahrt-im-schuljahr-2024-25","status":"publish","type":"post","link":"https:\/\/tkg-duisburg.de\/?p=8773","title":{"rendered":"Die Parisfahrt im Schuljahr 2024\/25"},"content":{"rendered":"\n<p>Vom 30. April bis zum 2. Mai erlebten die Sch\u00fclerinnen und Sch\u00fcler der Jahrg\u00e4nge 9 und 10 des Franz\u00f6sischkurses unter der Leitung ihrer Franz\u00f6sischlehrerinnen Frau Gro\u00dfmann-Martin und Frau Karakaya eine unvergessliche Parisfahrt. Zudem waren Frau Marker und Herr Pielen dabei, die die Gruppe w\u00e4hrend des gesamten Aufenthalts begleitet haben. Die Reise begann fr\u00fch am Morgen, als alle voller Vorfreude und Aufregung in den Bus einstiegen.\u00a0<br><\/p>\n\n\n\n<!--more-->\n\n\n\n<p>In Paris angekommen, wurden die Sch\u00fclerinnen und Sch\u00fcler von der atemberaubenden Sch\u00f6nheit der Stadt \u00fcberw\u00e4ltigt. Die ersten Stopps f\u00fchrten sie zu ikonischen Sehensw\u00fcrdigkeiten wie dem Tour Montparnasse, dem Ei\ufb00elturm, dem Sacr\u00e9-Coeur, dem Louvre und der Kathedrale Notre-Dame. \u00dcberall, wo sie hinsahen, gab es faszinierende Architektur und lebendige Stra\u00dfen, die zum Erkunden einluden.<br><br>Anschlie\u00dfend spazierten sie die ber\u00fchmten Champs-\u00c9lys\u00e9es entlang, eine der bekanntesten Stra\u00dfen der Welt. Die eleganten Gesch\u00e4fte, Caf\u00e9s und das pulsierende Leben entlang der Prachtstra\u00dfe boten eine perfekte Kulisse f\u00fcr weitere Erinnerungsfotos.<\/p>\n\n\n\n<p>Die Sch\u00fcler hatten die M\u00f6glichkeit, die Stadt auf eigene Faust zu entdecken. Sie schlenderten durch die charmanten Gassen des Viertels Montmartre, bewunderten die bunten Kunstwerke und genossen k\u00f6stliche Cr\u00eapes in einem der kleinen Caf\u00e9s. Von jeder sch\u00f6nen Ecke machten sie Fotos, um die Erinnerungen festzuhalten und ihre Erlebnisse mit Freunden und Familie zu teilen.<\/p>\n\n\n\n<p>Die Stimmung war ausgelassen, es wurde viel gelacht und die Sch\u00fcler tauschten ihre Eindr\u00fccke aus.&nbsp;<\/p>\n\n\n\n<p>Die Parisfahrt war nicht nur eine wertvolle Erfahrung f\u00fcr das Erlernen der franz\u00f6sischen Sprache, sondern auch eine Gelegenheit f\u00fcr die Sch\u00fcler, Freundschaften zu vertiefen und die Kultur Frankreichs hautnah zu erleben. Alle waren sich einig: Es war ein unvergessliches Abenteuer, das sie mit vielen sch\u00f6nen Erinnerungen bereichern wird.<\/p>\n\n\n\n<figure class=\"wp-block-image size-large\"><img loading=\"lazy\" decoding=\"async\" width=\"1024\" height=\"531\" src=\"https:\/\/tkg-duisburg.de\/wp-content\/uploads\/2025\/05\/image-1-1024x531.png\" alt=\"\" class=\"wp-image-8774\" srcset=\"https:\/\/tkg-duisburg.de\/wp-content\/uploads\/2025\/05\/image-1-1024x531.png 1024w, https:\/\/tkg-duisburg.de\/wp-content\/uploads\/2025\/05\/image-1-300x156.png 300w, https:\/\/tkg-duisburg.de\/wp-content\/uploads\/2025\/05\/image-1.png 1524w\" sizes=\"auto, (max-width: 1024px) 100vw, 1024px\" \/><\/figure>\n\n\n\n<p><strong>Frau Karakaya<\/strong><\/p>\n","protected":false},"excerpt":{"rendered":"<p>Vom 30. April bis zum 2. Mai erlebten die Sch\u00fclerinnen und Sch\u00fcler der Jahrg\u00e4nge 9 und 10 des Franz\u00f6sischkurses unter der Leitung ihrer Franz\u00f6sischlehrerinnen Frau Gro\u00dfmann-Martin und Frau Karakaya eine unvergessliche Parisfahrt. Zudem waren Frau Marker und Herr Pielen dabei, die die Gruppe w\u00e4hrend des gesamten Aufenthalts begleitet haben. Die Reise begann fr\u00fch am Morgen, &hellip; <a href=\"https:\/\/tkg-duisburg.de\/?p=8773\" class=\"more-link\"><span class=\"screen-reader-text\">Die Parisfahrt im Schuljahr 2024\/25<\/span> weiterlesen <span class=\"meta-nav\">&rarr;<\/span><\/a><\/p>\n","protected":false},"author":5,"featured_media":0,"comment_status":"closed","ping_status":"open","sticky":false,"template":"","format":"standard","meta":{"footnotes":""},"categories":[72,43,21,66],"tags":[],"class_list":["post-8773","post","type-post","status-publish","format-standard","hentry","category-exkursion","category-franzoesisch","category-jahrgang-10","category-jahrgang-9"],"yoast_head":"<!-- This site is optimized with the Yoast SEO plugin v22.6 - https:\/\/yoast.com\/wordpress\/plugins\/seo\/ -->\n<title>Die Parisfahrt im Schuljahr 2024\/25 - Theodor K\u00f6nig Gesamtschule Duisburg<\/title>\n<meta name=\"robots\" content=\"index, follow, max-snippet:-1, max-image-preview:large, max-video-preview:-1\" \/>\n<link rel=\"canonical\" href=\"https:\/\/tkg-duisburg.de\/?p=8773\" \/>\n<meta property=\"og:locale\" content=\"de_DE\" \/>\n<meta property=\"og:type\" content=\"article\" \/>\n<meta property=\"og:title\" content=\"Die Parisfahrt im Schuljahr 2024\/25 - Theodor K\u00f6nig Gesamtschule Duisburg\" \/>\n<meta property=\"og:description\" content=\"Vom 30. April bis zum 2. Mai erlebten die Sch\u00fclerinnen und Sch\u00fcler der Jahrg\u00e4nge 9 und 10 des Franz\u00f6sischkurses unter der Leitung ihrer Franz\u00f6sischlehrerinnen Frau Gro\u00dfmann-Martin und Frau Karakaya eine unvergessliche Parisfahrt. Zudem waren Frau Marker und Herr Pielen dabei, die die Gruppe w\u00e4hrend des gesamten Aufenthalts begleitet haben. Die Reise begann fr\u00fch am Morgen, &hellip; Die Parisfahrt im Schuljahr 2024\/25 weiterlesen &rarr;\" \/>\n<meta property=\"og:url\" content=\"https:\/\/tkg-duisburg.de\/?p=8773\" \/>\n<meta property=\"og:site_name\" content=\"Theodor K\u00f6nig Gesamtschule Duisburg\" \/>\n<meta property=\"article:published_time\" content=\"2025-05-27T11:45:42+00:00\" \/>\n<meta property=\"article:modified_time\" content=\"2025-05-28T07:42:10+00:00\" \/>\n<meta property=\"og:image\" content=\"https:\/\/tkg-duisburg.de\/wp-content\/uploads\/2025\/05\/image-1-1024x531.png\" \/>\n<meta name=\"author\" content=\"Bj\u00f6rn Becker\" \/>\n<meta name=\"twitter:card\" content=\"summary_large_image\" \/>\n<meta name=\"twitter:label1\" content=\"Verfasst von\" \/>\n\t<meta name=\"twitter:data1\" content=\"Bj\u00f6rn Becker\" \/>\n\t<meta name=\"twitter:label2\" content=\"Gesch\u00e4tzte Lesezeit\" \/>\n\t<meta name=\"twitter:data2\" content=\"2\u00a0Minuten\" \/>\n<script type=\"application\/ld+json\" class=\"yoast-schema-graph\">{\"@context\":\"https:\/\/schema.org\",\"@graph\":[{\"@type\":\"WebPage\",\"@id\":\"https:\/\/tkg-duisburg.de\/?p=8773\",\"url\":\"https:\/\/tkg-duisburg.de\/?p=8773\",\"name\":\"Die Parisfahrt im Schuljahr 2024\/25 - Theodor K\u00f6nig Gesamtschule Duisburg\",\"isPartOf\":{\"@id\":\"https:\/\/tkg-duisburg.de\/#website\"},\"primaryImageOfPage\":{\"@id\":\"https:\/\/tkg-duisburg.de\/?p=8773#primaryimage\"},\"image\":{\"@id\":\"https:\/\/tkg-duisburg.de\/?p=8773#primaryimage\"},\"thumbnailUrl\":\"https:\/\/tkg-duisburg.de\/wp-content\/uploads\/2025\/05\/image-1-1024x531.png\",\"datePublished\":\"2025-05-27T11:45:42+00:00\",\"dateModified\":\"2025-05-28T07:42:10+00:00\",\"author\":{\"@id\":\"https:\/\/tkg-duisburg.de\/#\/schema\/person\/5a5b174492de297d4b57e9a3d89564ee\"},\"breadcrumb\":{\"@id\":\"https:\/\/tkg-duisburg.de\/?p=8773#breadcrumb\"},\"inLanguage\":\"de\",\"potentialAction\":[{\"@type\":\"ReadAction\",\"target\":[\"https:\/\/tkg-duisburg.de\/?p=8773\"]}]},{\"@type\":\"ImageObject\",\"inLanguage\":\"de\",\"@id\":\"https:\/\/tkg-duisburg.de\/?p=8773#primaryimage\",\"url\":\"https:\/\/tkg-duisburg.de\/wp-content\/uploads\/2025\/05\/image-1.png\",\"contentUrl\":\"https:\/\/tkg-duisburg.de\/wp-content\/uploads\/2025\/05\/image-1.png\",\"width\":1524,\"height\":791},{\"@type\":\"BreadcrumbList\",\"@id\":\"https:\/\/tkg-duisburg.de\/?p=8773#breadcrumb\",\"itemListElement\":[{\"@type\":\"ListItem\",\"position\":1,\"name\":\"Startseite\",\"item\":\"https:\/\/tkg-duisburg.de\/\"},{\"@type\":\"ListItem\",\"position\":2,\"name\":\"Die Parisfahrt im Schuljahr 2024\/25\"}]},{\"@type\":\"WebSite\",\"@id\":\"https:\/\/tkg-duisburg.de\/#website\",\"url\":\"https:\/\/tkg-duisburg.de\/\",\"name\":\"Theodor K\u00f6nig Gesamtschule Duisburg\",\"description\":\"\",\"potentialAction\":[{\"@type\":\"SearchAction\",\"target\":{\"@type\":\"EntryPoint\",\"urlTemplate\":\"https:\/\/tkg-duisburg.de\/?s={search_term_string}\"},\"query-input\":\"required name=search_term_string\"}],\"inLanguage\":\"de\"},{\"@type\":\"Person\",\"@id\":\"https:\/\/tkg-duisburg.de\/#\/schema\/person\/5a5b174492de297d4b57e9a3d89564ee\",\"name\":\"Bj\u00f6rn Becker\",\"image\":{\"@type\":\"ImageObject\",\"inLanguage\":\"de\",\"@id\":\"https:\/\/tkg-duisburg.de\/#\/schema\/person\/image\/\",\"url\":\"https:\/\/secure.gravatar.com\/avatar\/c7690b9f448fdd19e7a021d2d0201faa0dc70513a48fc7103388e3231c3056a4?s=96&d=mm&r=g\",\"contentUrl\":\"https:\/\/secure.gravatar.com\/avatar\/c7690b9f448fdd19e7a021d2d0201faa0dc70513a48fc7103388e3231c3056a4?s=96&d=mm&r=g\",\"caption\":\"Bj\u00f6rn Becker\"},\"url\":\"https:\/\/tkg-duisburg.de\/?author=5\"}]}<\/script>\n<!-- \/ Yoast SEO plugin. -->","yoast_head_json":{"title":"Die Parisfahrt im Schuljahr 2024\/25 - Theodor K\u00f6nig Gesamtschule Duisburg","robots":{"index":"index","follow":"follow","max-snippet":"max-snippet:-1","max-image-preview":"max-image-preview:large","max-video-preview":"max-video-preview:-1"},"canonical":"https:\/\/tkg-duisburg.de\/?p=8773","og_locale":"de_DE","og_type":"article","og_title":"Die Parisfahrt im Schuljahr 2024\/25 - Theodor K\u00f6nig Gesamtschule Duisburg","og_description":"Vom 30. April bis zum 2. Mai erlebten die Sch\u00fclerinnen und Sch\u00fcler der Jahrg\u00e4nge 9 und 10 des Franz\u00f6sischkurses unter der Leitung ihrer Franz\u00f6sischlehrerinnen Frau Gro\u00dfmann-Martin und Frau Karakaya eine unvergessliche Parisfahrt. Zudem waren Frau Marker und Herr Pielen dabei, die die Gruppe w\u00e4hrend des gesamten Aufenthalts begleitet haben. Die Reise begann fr\u00fch am Morgen, &hellip; Die Parisfahrt im Schuljahr 2024\/25 weiterlesen &rarr;","og_url":"https:\/\/tkg-duisburg.de\/?p=8773","og_site_name":"Theodor K\u00f6nig Gesamtschule Duisburg","article_published_time":"2025-05-27T11:45:42+00:00","article_modified_time":"2025-05-28T07:42:10+00:00","og_image":[{"url":"https:\/\/tkg-duisburg.de\/wp-content\/uploads\/2025\/05\/image-1-1024x531.png"}],"author":"Bj\u00f6rn Becker","twitter_card":"summary_large_image","twitter_misc":{"Verfasst von":"Bj\u00f6rn Becker","Gesch\u00e4tzte Lesezeit":"2\u00a0Minuten"},"schema":{"@context":"https:\/\/schema.org","@graph":[{"@type":"WebPage","@id":"https:\/\/tkg-duisburg.de\/?p=8773","url":"https:\/\/tkg-duisburg.de\/?p=8773","name":"Die Parisfahrt im Schuljahr 2024\/25 - Theodor K\u00f6nig Gesamtschule Duisburg","isPartOf":{"@id":"https:\/\/tkg-duisburg.de\/#website"},"primaryImageOfPage":{"@id":"https:\/\/tkg-duisburg.de\/?p=8773#primaryimage"},"image":{"@id":"https:\/\/tkg-duisburg.de\/?p=8773#primaryimage"},"thumbnailUrl":"https:\/\/tkg-duisburg.de\/wp-content\/uploads\/2025\/05\/image-1-1024x531.png","datePublished":"2025-05-27T11:45:42+00:00","dateModified":"2025-05-28T07:42:10+00:00","author":{"@id":"https:\/\/tkg-duisburg.de\/#\/schema\/person\/5a5b174492de297d4b57e9a3d89564ee"},"breadcrumb":{"@id":"https:\/\/tkg-duisburg.de\/?p=8773#breadcrumb"},"inLanguage":"de","potentialAction":[{"@type":"ReadAction","target":["https:\/\/tkg-duisburg.de\/?p=8773"]}]},{"@type":"ImageObject","inLanguage":"de","@id":"https:\/\/tkg-duisburg.de\/?p=8773#primaryimage","url":"https:\/\/tkg-duisburg.de\/wp-content\/uploads\/2025\/05\/image-1.png","contentUrl":"https:\/\/tkg-duisburg.de\/wp-content\/uploads\/2025\/05\/image-1.png","width":1524,"height":791},{"@type":"BreadcrumbList","@id":"https:\/\/tkg-duisburg.de\/?p=8773#breadcrumb","itemListElement":[{"@type":"ListItem","position":1,"name":"Startseite","item":"https:\/\/tkg-duisburg.de\/"},{"@type":"ListItem","position":2,"name":"Die Parisfahrt im Schuljahr 2024\/25"}]},{"@type":"WebSite","@id":"https:\/\/tkg-duisburg.de\/#website","url":"https:\/\/tkg-duisburg.de\/","name":"Theodor K\u00f6nig Gesamtschule Duisburg","description":"","potentialAction":[{"@type":"SearchAction","target":{"@type":"EntryPoint","urlTemplate":"https:\/\/tkg-duisburg.de\/?s={search_term_string}"},"query-input":"required name=search_term_string"}],"inLanguage":"de"},{"@type":"Person","@id":"https:\/\/tkg-duisburg.de\/#\/schema\/person\/5a5b174492de297d4b57e9a3d89564ee","name":"Bj\u00f6rn Becker","image":{"@type":"ImageObject","inLanguage":"de","@id":"https:\/\/tkg-duisburg.de\/#\/schema\/person\/image\/","url":"https:\/\/secure.gravatar.com\/avatar\/c7690b9f448fdd19e7a021d2d0201faa0dc70513a48fc7103388e3231c3056a4?s=96&d=mm&r=g","contentUrl":"https:\/\/secure.gravatar.com\/avatar\/c7690b9f448fdd19e7a021d2d0201faa0dc70513a48fc7103388e3231c3056a4?s=96&d=mm&r=g","caption":"Bj\u00f6rn Becker"},"url":"https:\/\/tkg-duisburg.de\/?author=5"}]}},"_links":{"self":[{"href":"https:\/\/tkg-duisburg.de\/index.php?rest_route=\/wp\/v2\/posts\/8773","targetHints":{"allow":["GET"]}}],"collection":[{"href":"https:\/\/tkg-duisburg.de\/index.php?rest_route=\/wp\/v2\/posts"}],"about":[{"href":"https:\/\/tkg-duisburg.de\/index.php?rest_route=\/wp\/v2\/types\/post"}],"author":[{"embeddable":true,"href":"https:\/\/tkg-duisburg.de\/index.php?rest_route=\/wp\/v2\/users\/5"}],"replies":[{"embeddable":true,"href":"https:\/\/tkg-duisburg.de\/index.php?rest_route=%2Fwp%2Fv2%2Fcomments&post=8773"}],"version-history":[{"count":3,"href":"https:\/\/tkg-duisburg.de\/index.php?rest_route=\/wp\/v2\/posts\/8773\/revisions"}],"predecessor-version":[{"id":8778,"href":"https:\/\/tkg-duisburg.de\/index.php?rest_route=\/wp\/v2\/posts\/8773\/revisions\/8778"}],"wp:attachment":[{"href":"https:\/\/tkg-duisburg.de\/index.php?rest_route=%2Fwp%2Fv2%2Fmedia&parent=8773"}],"wp:term":[{"taxonomy":"category","embeddable":true,"href":"https:\/\/tkg-duisburg.de\/index.php?rest_route=%2Fwp%2Fv2%2Fcategories&post=8773"},{"taxonomy":"post_tag","embeddable":true,"href":"https:\/\/tkg-duisburg.de\/index.php?rest_route=%2Fwp%2Fv2%2Ftags&post=8773"}],"curies":[{"name":"wp","href":"https:\/\/api.w.org\/{rel}","templated":true}]}}