{"id":8798,"date":"2025-06-12T22:12:45","date_gmt":"2025-06-12T20:12:45","guid":{"rendered":"https:\/\/tkg-duisburg.de\/?p=8798"},"modified":"2025-06-12T22:12:46","modified_gmt":"2025-06-12T20:12:46","slug":"die-luettich-fahrt-am-2-juni","status":"publish","type":"post","link":"https:\/\/tkg-duisburg.de\/?p=8798","title":{"rendered":"Die L\u00fcttich-Fahrt am 2. Juni"},"content":{"rendered":"\n<p>Am 2. Juni hatten die Sch\u00fclerinnen und Sch\u00fcler der Jahrg\u00e4nge 7 und 8 die Gelegenheit, einen spannenden Tag in L\u00fcttich zu verbringen. Um 8:30 Uhr starteten wir mit dem Bus in Richtung Belgien.<\/p>\n\n\n\n<figure class=\"wp-block-image size-large\"><img loading=\"lazy\" decoding=\"async\" width=\"1024\" height=\"768\" src=\"https:\/\/tkg-duisburg.de\/wp-content\/uploads\/2025\/06\/Ohne-Titel-1024x768.jpg\" alt=\"\" class=\"wp-image-8799\" srcset=\"https:\/\/tkg-duisburg.de\/wp-content\/uploads\/2025\/06\/Ohne-Titel-1024x768.jpg 1024w, https:\/\/tkg-duisburg.de\/wp-content\/uploads\/2025\/06\/Ohne-Titel-300x225.jpg 300w, https:\/\/tkg-duisburg.de\/wp-content\/uploads\/2025\/06\/Ohne-Titel-1536x1152.jpg 1536w, https:\/\/tkg-duisburg.de\/wp-content\/uploads\/2025\/06\/Ohne-Titel-2048x1536.jpg 2048w\" sizes=\"auto, (max-width: 1024px) 100vw, 1024px\" \/><\/figure>\n\n\n\n<!--more-->\n\n\n\n<p>Nach der Ankunft in L\u00fcttich besuchten die Sch\u00fclerinnen und Sch\u00fcler zuerst einen kleinen Laden, um Postkarten zu kaufen. Diese sollten sie an ihre Klassenlehrerinnen und Klassenlehrern auf Franz\u00f6sisch schreiben und so ihre Erlebnisse und Gr\u00fc\u00dfe aus der Stadt teilen.<\/p>\n\n\n\n<p>Anschlie\u00dfend hatten die Sch\u00fclerinnen und Sch\u00fcler die M\u00f6glichkeit, die Stadt auf eigene Faust zu erkunden. L\u00fcttich, bekannt f\u00fcr seine beeindruckende Architektur und lebendige Kultur, bot zahlreiche Sehensw\u00fcrdigkeiten und charmante Ecken, die es zu entdecken galt.<\/p>\n\n\n\n<p>Bevor wir die R\u00fcckfahrt antraten, durften die Sch\u00fclerinnen und Sch\u00fcler die ber\u00fchmten Treppen von L\u00fcttich besteigen. Diese Herausforderung wurde von vielen mit Begeisterung angenommen und bot einen tollen Blick \u00fcber die Stadt.<\/p>\n\n\n\n<p>Es war ein gelungener Ausflug, der den Sch\u00fclerinnen und Sch\u00fclern nicht nur Spa\u00df machte, sondern auch die M\u00f6glichkeit bot, neue Erfahrungen zu sammeln und die belgische Kultur hautnah zu erleben. Wir freuen uns schon auf weitere gemeinsame Unternehmungen!<\/p>\n\n\n\n<figure class=\"wp-block-image size-large\"><img loading=\"lazy\" decoding=\"async\" width=\"768\" height=\"1024\" src=\"https:\/\/tkg-duisburg.de\/wp-content\/uploads\/2025\/06\/Ohne-Titel2-768x1024.jpg\" alt=\"\" class=\"wp-image-8800\" srcset=\"https:\/\/tkg-duisburg.de\/wp-content\/uploads\/2025\/06\/Ohne-Titel2-768x1024.jpg 768w, https:\/\/tkg-duisburg.de\/wp-content\/uploads\/2025\/06\/Ohne-Titel2-225x300.jpg 225w, https:\/\/tkg-duisburg.de\/wp-content\/uploads\/2025\/06\/Ohne-Titel2-150x200.jpg 150w, https:\/\/tkg-duisburg.de\/wp-content\/uploads\/2025\/06\/Ohne-Titel2-1152x1536.jpg 1152w, https:\/\/tkg-duisburg.de\/wp-content\/uploads\/2025\/06\/Ohne-Titel2-1536x2048.jpg 1536w, https:\/\/tkg-duisburg.de\/wp-content\/uploads\/2025\/06\/Ohne-Titel2-scaled.jpg 1920w\" sizes=\"auto, (max-width: 768px) 100vw, 768px\" \/><\/figure>\n","protected":false},"excerpt":{"rendered":"<p>Am 2. Juni hatten die Sch\u00fclerinnen und Sch\u00fcler der Jahrg\u00e4nge 7 und 8 die Gelegenheit, einen spannenden Tag in L\u00fcttich zu verbringen. Um 8:30 Uhr starteten wir mit dem Bus in Richtung Belgien.<\/p>\n","protected":false},"author":5,"featured_media":0,"comment_status":"closed","ping_status":"open","sticky":false,"template":"","format":"standard","meta":{"footnotes":""},"categories":[72,43,78,85],"tags":[],"class_list":["post-8798","post","type-post","status-publish","format-standard","hentry","category-exkursion","category-franzoesisch","category-jahrgang-7","category-jahrgang-8"],"yoast_head":"<!-- This site is optimized with the Yoast SEO plugin v22.6 - https:\/\/yoast.com\/wordpress\/plugins\/seo\/ -->\n<title>Die L\u00fcttich-Fahrt am 2. Juni - Theodor K\u00f6nig Gesamtschule Duisburg<\/title>\n<meta name=\"robots\" content=\"index, follow, max-snippet:-1, max-image-preview:large, max-video-preview:-1\" \/>\n<link rel=\"canonical\" href=\"https:\/\/tkg-duisburg.de\/?p=8798\" \/>\n<meta property=\"og:locale\" content=\"de_DE\" \/>\n<meta property=\"og:type\" content=\"article\" \/>\n<meta property=\"og:title\" content=\"Die L\u00fcttich-Fahrt am 2. Juni - Theodor K\u00f6nig Gesamtschule Duisburg\" \/>\n<meta property=\"og:description\" content=\"Am 2. Juni hatten die Sch\u00fclerinnen und Sch\u00fcler der Jahrg\u00e4nge 7 und 8 die Gelegenheit, einen spannenden Tag in L\u00fcttich zu verbringen. Um 8:30 Uhr starteten wir mit dem Bus in Richtung Belgien.\" \/>\n<meta property=\"og:url\" content=\"https:\/\/tkg-duisburg.de\/?p=8798\" \/>\n<meta property=\"og:site_name\" content=\"Theodor K\u00f6nig Gesamtschule Duisburg\" \/>\n<meta property=\"article:published_time\" content=\"2025-06-12T20:12:45+00:00\" \/>\n<meta property=\"article:modified_time\" content=\"2025-06-12T20:12:46+00:00\" \/>\n<meta property=\"og:image\" content=\"https:\/\/tkg-duisburg.de\/wp-content\/uploads\/2025\/06\/Ohne-Titel-1024x768.jpg\" \/>\n<meta name=\"author\" content=\"Bj\u00f6rn Becker\" \/>\n<meta name=\"twitter:card\" content=\"summary_large_image\" \/>\n<meta name=\"twitter:label1\" content=\"Verfasst von\" \/>\n\t<meta name=\"twitter:data1\" content=\"Bj\u00f6rn Becker\" \/>\n\t<meta name=\"twitter:label2\" content=\"Gesch\u00e4tzte Lesezeit\" \/>\n\t<meta name=\"twitter:data2\" content=\"1\u00a0Minute\" \/>\n<script type=\"application\/ld+json\" class=\"yoast-schema-graph\">{\"@context\":\"https:\/\/schema.org\",\"@graph\":[{\"@type\":\"WebPage\",\"@id\":\"https:\/\/tkg-duisburg.de\/?p=8798\",\"url\":\"https:\/\/tkg-duisburg.de\/?p=8798\",\"name\":\"Die L\u00fcttich-Fahrt am 2. Juni - Theodor K\u00f6nig Gesamtschule Duisburg\",\"isPartOf\":{\"@id\":\"https:\/\/tkg-duisburg.de\/#website\"},\"primaryImageOfPage\":{\"@id\":\"https:\/\/tkg-duisburg.de\/?p=8798#primaryimage\"},\"image\":{\"@id\":\"https:\/\/tkg-duisburg.de\/?p=8798#primaryimage\"},\"thumbnailUrl\":\"https:\/\/tkg-duisburg.de\/wp-content\/uploads\/2025\/06\/Ohne-Titel-1024x768.jpg\",\"datePublished\":\"2025-06-12T20:12:45+00:00\",\"dateModified\":\"2025-06-12T20:12:46+00:00\",\"author\":{\"@id\":\"https:\/\/tkg-duisburg.de\/#\/schema\/person\/5a5b174492de297d4b57e9a3d89564ee\"},\"breadcrumb\":{\"@id\":\"https:\/\/tkg-duisburg.de\/?p=8798#breadcrumb\"},\"inLanguage\":\"de\",\"potentialAction\":[{\"@type\":\"ReadAction\",\"target\":[\"https:\/\/tkg-duisburg.de\/?p=8798\"]}]},{\"@type\":\"ImageObject\",\"inLanguage\":\"de\",\"@id\":\"https:\/\/tkg-duisburg.de\/?p=8798#primaryimage\",\"url\":\"https:\/\/tkg-duisburg.de\/wp-content\/uploads\/2025\/06\/Ohne-Titel-scaled.jpg\",\"contentUrl\":\"https:\/\/tkg-duisburg.de\/wp-content\/uploads\/2025\/06\/Ohne-Titel-scaled.jpg\",\"width\":2560,\"height\":1920},{\"@type\":\"BreadcrumbList\",\"@id\":\"https:\/\/tkg-duisburg.de\/?p=8798#breadcrumb\",\"itemListElement\":[{\"@type\":\"ListItem\",\"position\":1,\"name\":\"Startseite\",\"item\":\"https:\/\/tkg-duisburg.de\/\"},{\"@type\":\"ListItem\",\"position\":2,\"name\":\"Die L\u00fcttich-Fahrt am 2. Juni\"}]},{\"@type\":\"WebSite\",\"@id\":\"https:\/\/tkg-duisburg.de\/#website\",\"url\":\"https:\/\/tkg-duisburg.de\/\",\"name\":\"Theodor K\u00f6nig Gesamtschule Duisburg\",\"description\":\"\",\"potentialAction\":[{\"@type\":\"SearchAction\",\"target\":{\"@type\":\"EntryPoint\",\"urlTemplate\":\"https:\/\/tkg-duisburg.de\/?s={search_term_string}\"},\"query-input\":\"required name=search_term_string\"}],\"inLanguage\":\"de\"},{\"@type\":\"Person\",\"@id\":\"https:\/\/tkg-duisburg.de\/#\/schema\/person\/5a5b174492de297d4b57e9a3d89564ee\",\"name\":\"Bj\u00f6rn Becker\",\"image\":{\"@type\":\"ImageObject\",\"inLanguage\":\"de\",\"@id\":\"https:\/\/tkg-duisburg.de\/#\/schema\/person\/image\/\",\"url\":\"https:\/\/secure.gravatar.com\/avatar\/c7690b9f448fdd19e7a021d2d0201faa0dc70513a48fc7103388e3231c3056a4?s=96&d=mm&r=g\",\"contentUrl\":\"https:\/\/secure.gravatar.com\/avatar\/c7690b9f448fdd19e7a021d2d0201faa0dc70513a48fc7103388e3231c3056a4?s=96&d=mm&r=g\",\"caption\":\"Bj\u00f6rn Becker\"},\"url\":\"https:\/\/tkg-duisburg.de\/?author=5\"}]}<\/script>\n<!-- \/ Yoast SEO plugin. -->","yoast_head_json":{"title":"Die L\u00fcttich-Fahrt am 2. Juni - Theodor K\u00f6nig Gesamtschule Duisburg","robots":{"index":"index","follow":"follow","max-snippet":"max-snippet:-1","max-image-preview":"max-image-preview:large","max-video-preview":"max-video-preview:-1"},"canonical":"https:\/\/tkg-duisburg.de\/?p=8798","og_locale":"de_DE","og_type":"article","og_title":"Die L\u00fcttich-Fahrt am 2. Juni - Theodor K\u00f6nig Gesamtschule Duisburg","og_description":"Am 2. Juni hatten die Sch\u00fclerinnen und Sch\u00fcler der Jahrg\u00e4nge 7 und 8 die Gelegenheit, einen spannenden Tag in L\u00fcttich zu verbringen. Um 8:30 Uhr starteten wir mit dem Bus in Richtung Belgien.","og_url":"https:\/\/tkg-duisburg.de\/?p=8798","og_site_name":"Theodor K\u00f6nig Gesamtschule Duisburg","article_published_time":"2025-06-12T20:12:45+00:00","article_modified_time":"2025-06-12T20:12:46+00:00","og_image":[{"url":"https:\/\/tkg-duisburg.de\/wp-content\/uploads\/2025\/06\/Ohne-Titel-1024x768.jpg"}],"author":"Bj\u00f6rn Becker","twitter_card":"summary_large_image","twitter_misc":{"Verfasst von":"Bj\u00f6rn Becker","Gesch\u00e4tzte Lesezeit":"1\u00a0Minute"},"schema":{"@context":"https:\/\/schema.org","@graph":[{"@type":"WebPage","@id":"https:\/\/tkg-duisburg.de\/?p=8798","url":"https:\/\/tkg-duisburg.de\/?p=8798","name":"Die L\u00fcttich-Fahrt am 2. Juni - Theodor K\u00f6nig Gesamtschule Duisburg","isPartOf":{"@id":"https:\/\/tkg-duisburg.de\/#website"},"primaryImageOfPage":{"@id":"https:\/\/tkg-duisburg.de\/?p=8798#primaryimage"},"image":{"@id":"https:\/\/tkg-duisburg.de\/?p=8798#primaryimage"},"thumbnailUrl":"https:\/\/tkg-duisburg.de\/wp-content\/uploads\/2025\/06\/Ohne-Titel-1024x768.jpg","datePublished":"2025-06-12T20:12:45+00:00","dateModified":"2025-06-12T20:12:46+00:00","author":{"@id":"https:\/\/tkg-duisburg.de\/#\/schema\/person\/5a5b174492de297d4b57e9a3d89564ee"},"breadcrumb":{"@id":"https:\/\/tkg-duisburg.de\/?p=8798#breadcrumb"},"inLanguage":"de","potentialAction":[{"@type":"ReadAction","target":["https:\/\/tkg-duisburg.de\/?p=8798"]}]},{"@type":"ImageObject","inLanguage":"de","@id":"https:\/\/tkg-duisburg.de\/?p=8798#primaryimage","url":"https:\/\/tkg-duisburg.de\/wp-content\/uploads\/2025\/06\/Ohne-Titel-scaled.jpg","contentUrl":"https:\/\/tkg-duisburg.de\/wp-content\/uploads\/2025\/06\/Ohne-Titel-scaled.jpg","width":2560,"height":1920},{"@type":"BreadcrumbList","@id":"https:\/\/tkg-duisburg.de\/?p=8798#breadcrumb","itemListElement":[{"@type":"ListItem","position":1,"name":"Startseite","item":"https:\/\/tkg-duisburg.de\/"},{"@type":"ListItem","position":2,"name":"Die L\u00fcttich-Fahrt am 2. Juni"}]},{"@type":"WebSite","@id":"https:\/\/tkg-duisburg.de\/#website","url":"https:\/\/tkg-duisburg.de\/","name":"Theodor K\u00f6nig Gesamtschule Duisburg","description":"","potentialAction":[{"@type":"SearchAction","target":{"@type":"EntryPoint","urlTemplate":"https:\/\/tkg-duisburg.de\/?s={search_term_string}"},"query-input":"required name=search_term_string"}],"inLanguage":"de"},{"@type":"Person","@id":"https:\/\/tkg-duisburg.de\/#\/schema\/person\/5a5b174492de297d4b57e9a3d89564ee","name":"Bj\u00f6rn Becker","image":{"@type":"ImageObject","inLanguage":"de","@id":"https:\/\/tkg-duisburg.de\/#\/schema\/person\/image\/","url":"https:\/\/secure.gravatar.com\/avatar\/c7690b9f448fdd19e7a021d2d0201faa0dc70513a48fc7103388e3231c3056a4?s=96&d=mm&r=g","contentUrl":"https:\/\/secure.gravatar.com\/avatar\/c7690b9f448fdd19e7a021d2d0201faa0dc70513a48fc7103388e3231c3056a4?s=96&d=mm&r=g","caption":"Bj\u00f6rn Becker"},"url":"https:\/\/tkg-duisburg.de\/?author=5"}]}},"_links":{"self":[{"href":"https:\/\/tkg-duisburg.de\/index.php?rest_route=\/wp\/v2\/posts\/8798","targetHints":{"allow":["GET"]}}],"collection":[{"href":"https:\/\/tkg-duisburg.de\/index.php?rest_route=\/wp\/v2\/posts"}],"about":[{"href":"https:\/\/tkg-duisburg.de\/index.php?rest_route=\/wp\/v2\/types\/post"}],"author":[{"embeddable":true,"href":"https:\/\/tkg-duisburg.de\/index.php?rest_route=\/wp\/v2\/users\/5"}],"replies":[{"embeddable":true,"href":"https:\/\/tkg-duisburg.de\/index.php?rest_route=%2Fwp%2Fv2%2Fcomments&post=8798"}],"version-history":[{"count":1,"href":"https:\/\/tkg-duisburg.de\/index.php?rest_route=\/wp\/v2\/posts\/8798\/revisions"}],"predecessor-version":[{"id":8801,"href":"https:\/\/tkg-duisburg.de\/index.php?rest_route=\/wp\/v2\/posts\/8798\/revisions\/8801"}],"wp:attachment":[{"href":"https:\/\/tkg-duisburg.de\/index.php?rest_route=%2Fwp%2Fv2%2Fmedia&parent=8798"}],"wp:term":[{"taxonomy":"category","embeddable":true,"href":"https:\/\/tkg-duisburg.de\/index.php?rest_route=%2Fwp%2Fv2%2Fcategories&post=8798"},{"taxonomy":"post_tag","embeddable":true,"href":"https:\/\/tkg-duisburg.de\/index.php?rest_route=%2Fwp%2Fv2%2Ftags&post=8798"}],"curies":[{"name":"wp","href":"https:\/\/api.w.org\/{rel}","templated":true}]}}