{"id":8875,"date":"2025-09-23T08:37:28","date_gmt":"2025-09-23T06:37:28","guid":{"rendered":"https:\/\/tkg-duisburg.de\/?p=8875"},"modified":"2025-09-23T08:37:30","modified_gmt":"2025-09-23T06:37:30","slug":"studienfahrt-unserer-q-1-nach-prag","status":"publish","type":"post","link":"https:\/\/tkg-duisburg.de\/?p=8875","title":{"rendered":"Studienfahrt unserer Q 1 nach Prag"},"content":{"rendered":"\n<p>Bei nahezu sommerlichem Wetter konnte unsere Q 1 im Rahmen ihrer Studienfahrt die tschechische Hauptstadt erkunden und erleben. Neben festen gemeinsamen Programmpunkten, wie der dreist\u00fcndigen Stadtf\u00fchrung direkt nach der n\u00e4chtlichen Busfahrt, dem Besuch des Schokoladenmuseums oder dem Besuch der Prager Burg und der Prager Botschaft, an der Frau Hiller-Kitzmann anhand pers\u00f6nlicher Erfahrungen einen Einblick in die \u201eGeschichte des Mauerfalls\u201c gab, bleib genug Zeit f\u00fcr Erkundungen auf eigene Faust.<br><\/p>\n\n\n\n<figure class=\"wp-block-image size-large\"><img loading=\"lazy\" decoding=\"async\" width=\"1024\" height=\"768\" src=\"https:\/\/tkg-duisburg.de\/wp-content\/uploads\/2025\/09\/20250909_102626-1024x768.jpg\" alt=\"\" class=\"wp-image-8876\" srcset=\"https:\/\/tkg-duisburg.de\/wp-content\/uploads\/2025\/09\/20250909_102626-1024x768.jpg 1024w, https:\/\/tkg-duisburg.de\/wp-content\/uploads\/2025\/09\/20250909_102626-300x225.jpg 300w, https:\/\/tkg-duisburg.de\/wp-content\/uploads\/2025\/09\/20250909_102626-1536x1152.jpg 1536w, https:\/\/tkg-duisburg.de\/wp-content\/uploads\/2025\/09\/20250909_102626-2048x1536.jpg 2048w\" sizes=\"auto, (max-width: 1024px) 100vw, 1024px\" \/><\/figure>\n\n\n\n<!--more-->\n\n\n\n<p>Beeindruckend war sicher f\u00fcr alle der Besuch des unter der Stadt versteckten Atombunkers, der einen Einblick in die Angst und die Schrecken des Lebens w\u00e4hrend des Kalten Krieges gab. Gerade hier machte unser Guide das Leben w\u00e4hrend der Zeit des Kalten Krieges f\u00fcr die Gruppe sehr greifbar, da ihr Gro\u00dfvater, aber auch sie die Folgen ganz pers\u00f6nlich zu sp\u00fcren bekamen.<\/p>\n\n\n\n<p>Der Besuch der Gedenkst\u00e4tte Theresienstadt mit der Kleinen Festung, einem Gestapo-Gef\u00e4ngnis, gab allen Beteiligten einen unfassbaren Einblick in die Perfidit\u00e4t des NS-Regimes, denn das Lager war ein SS-Musterlager mit Krankenlager, Waschr\u00e4umen und vielem mehr, was die hier Inhaftierten aber nie nutzen konnten und durften. Der Besuch und die Informationen zu den Lebens- und Arbeitsbedingungen hat alle von uns emotional sehr bewegt und gezeigt, dass wir so etwas nie wieder zu lassen d\u00fcrfen.<\/p>\n\n\n\n<p>Gesund und munter und um viele Erfahrungen \u2013 Schiffe warten nicht, Kontrolleure tragen nicht unbedingt eine Uniform \u2013 reicher, kam die Gruppe mehr oder weniger m\u00fcde (\u201edie Begleitung hatte kein Schlafverbot ausgesprochen\u201c) wieder in Duisburg an.<\/p>\n\n\n\n<p>An der ein oder Stelle haket es, aber insgesamt war es eine tolle Fahrt mit Ihnen.<\/p>\n\n\n\n<p><strong>C. Hiller-Kitzmann &amp; C. Tyrassek<\/strong><\/p>\n\n\n\n<figure class=\"wp-block-gallery has-nested-images columns-default is-cropped wp-block-gallery-1 is-layout-flex wp-block-gallery-is-layout-flex\">\n<figure class=\"wp-block-image size-large\"><img loading=\"lazy\" decoding=\"async\" width=\"1024\" height=\"768\" data-id=\"8878\" src=\"https:\/\/tkg-duisburg.de\/wp-content\/uploads\/2025\/09\/20250909_122251-1024x768.jpg\" alt=\"\" class=\"wp-image-8878\" srcset=\"https:\/\/tkg-duisburg.de\/wp-content\/uploads\/2025\/09\/20250909_122251-1024x768.jpg 1024w, https:\/\/tkg-duisburg.de\/wp-content\/uploads\/2025\/09\/20250909_122251-300x225.jpg 300w, https:\/\/tkg-duisburg.de\/wp-content\/uploads\/2025\/09\/20250909_122251-1536x1152.jpg 1536w, https:\/\/tkg-duisburg.de\/wp-content\/uploads\/2025\/09\/20250909_122251-2048x1536.jpg 2048w\" sizes=\"auto, (max-width: 1024px) 100vw, 1024px\" \/><\/figure>\n\n\n\n<figure class=\"wp-block-image size-large\"><img loading=\"lazy\" decoding=\"async\" width=\"1024\" height=\"768\" data-id=\"8877\" src=\"https:\/\/tkg-duisburg.de\/wp-content\/uploads\/2025\/09\/20250909_190710-1024x768.jpg\" alt=\"\" class=\"wp-image-8877\" srcset=\"https:\/\/tkg-duisburg.de\/wp-content\/uploads\/2025\/09\/20250909_190710-1024x768.jpg 1024w, https:\/\/tkg-duisburg.de\/wp-content\/uploads\/2025\/09\/20250909_190710-300x225.jpg 300w, https:\/\/tkg-duisburg.de\/wp-content\/uploads\/2025\/09\/20250909_190710-1536x1152.jpg 1536w, https:\/\/tkg-duisburg.de\/wp-content\/uploads\/2025\/09\/20250909_190710-2048x1536.jpg 2048w\" sizes=\"auto, (max-width: 1024px) 100vw, 1024px\" \/><\/figure>\n\n\n\n<figure class=\"wp-block-image size-large\"><img loading=\"lazy\" decoding=\"async\" width=\"1024\" height=\"768\" data-id=\"8879\" src=\"https:\/\/tkg-duisburg.de\/wp-content\/uploads\/2025\/09\/20250910_141455-1024x768.jpg\" alt=\"\" class=\"wp-image-8879\" srcset=\"https:\/\/tkg-duisburg.de\/wp-content\/uploads\/2025\/09\/20250910_141455-1024x768.jpg 1024w, https:\/\/tkg-duisburg.de\/wp-content\/uploads\/2025\/09\/20250910_141455-300x225.jpg 300w, https:\/\/tkg-duisburg.de\/wp-content\/uploads\/2025\/09\/20250910_141455-1536x1152.jpg 1536w, https:\/\/tkg-duisburg.de\/wp-content\/uploads\/2025\/09\/20250910_141455-2048x1536.jpg 2048w\" sizes=\"auto, (max-width: 1024px) 100vw, 1024px\" \/><\/figure>\n\n\n\n<figure class=\"wp-block-image size-large\"><img loading=\"lazy\" decoding=\"async\" width=\"768\" height=\"1024\" data-id=\"8881\" src=\"https:\/\/tkg-duisburg.de\/wp-content\/uploads\/2025\/09\/20250911_113209-768x1024.jpg\" alt=\"\" class=\"wp-image-8881\" srcset=\"https:\/\/tkg-duisburg.de\/wp-content\/uploads\/2025\/09\/20250911_113209-768x1024.jpg 768w, https:\/\/tkg-duisburg.de\/wp-content\/uploads\/2025\/09\/20250911_113209-225x300.jpg 225w, https:\/\/tkg-duisburg.de\/wp-content\/uploads\/2025\/09\/20250911_113209-150x200.jpg 150w, https:\/\/tkg-duisburg.de\/wp-content\/uploads\/2025\/09\/20250911_113209-1152x1536.jpg 1152w, https:\/\/tkg-duisburg.de\/wp-content\/uploads\/2025\/09\/20250911_113209-1536x2048.jpg 1536w, https:\/\/tkg-duisburg.de\/wp-content\/uploads\/2025\/09\/20250911_113209-scaled.jpg 1920w\" sizes=\"auto, (max-width: 768px) 100vw, 768px\" \/><\/figure>\n\n\n\n<figure class=\"wp-block-image size-large\"><img loading=\"lazy\" decoding=\"async\" width=\"1024\" height=\"768\" data-id=\"8880\" src=\"https:\/\/tkg-duisburg.de\/wp-content\/uploads\/2025\/09\/20250911_122411-1024x768.jpg\" alt=\"\" class=\"wp-image-8880\" srcset=\"https:\/\/tkg-duisburg.de\/wp-content\/uploads\/2025\/09\/20250911_122411-1024x768.jpg 1024w, https:\/\/tkg-duisburg.de\/wp-content\/uploads\/2025\/09\/20250911_122411-300x225.jpg 300w, https:\/\/tkg-duisburg.de\/wp-content\/uploads\/2025\/09\/20250911_122411-1536x1152.jpg 1536w, https:\/\/tkg-duisburg.de\/wp-content\/uploads\/2025\/09\/20250911_122411-2048x1536.jpg 2048w\" sizes=\"auto, (max-width: 1024px) 100vw, 1024px\" \/><\/figure>\n<\/figure>\n","protected":false},"excerpt":{"rendered":"<p>Bei nahezu sommerlichem Wetter konnte unsere Q 1 im Rahmen ihrer Studienfahrt die tschechische Hauptstadt erkunden und erleben. Neben festen gemeinsamen Programmpunkten, wie der dreist\u00fcndigen Stadtf\u00fchrung direkt nach der n\u00e4chtlichen Busfahrt, dem Besuch des Schokoladenmuseums oder dem Besuch der Prager Burg und der Prager Botschaft, an der Frau Hiller-Kitzmann anhand pers\u00f6nlicher Erfahrungen einen Einblick in &hellip; <a href=\"https:\/\/tkg-duisburg.de\/?p=8875\" class=\"more-link\"><span class=\"screen-reader-text\">Studienfahrt unserer Q 1 nach Prag<\/span> weiterlesen <span class=\"meta-nav\">&rarr;<\/span><\/a><\/p>\n","protected":false},"author":5,"featured_media":0,"comment_status":"closed","ping_status":"open","sticky":false,"template":"","format":"standard","meta":{"footnotes":""},"categories":[9,27],"tags":[],"class_list":["post-8875","post","type-post","status-publish","format-standard","hentry","category-exkursionen","category-qi"],"yoast_head":"<!-- This site is optimized with the Yoast SEO plugin v22.6 - https:\/\/yoast.com\/wordpress\/plugins\/seo\/ -->\n<title>Studienfahrt unserer Q 1 nach Prag - Theodor K\u00f6nig Gesamtschule Duisburg<\/title>\n<meta name=\"robots\" content=\"index, follow, max-snippet:-1, max-image-preview:large, max-video-preview:-1\" \/>\n<link rel=\"canonical\" href=\"https:\/\/tkg-duisburg.de\/?p=8875\" \/>\n<meta property=\"og:locale\" content=\"de_DE\" \/>\n<meta property=\"og:type\" content=\"article\" \/>\n<meta property=\"og:title\" content=\"Studienfahrt unserer Q 1 nach Prag - Theodor K\u00f6nig Gesamtschule Duisburg\" \/>\n<meta property=\"og:description\" content=\"Bei nahezu sommerlichem Wetter konnte unsere Q 1 im Rahmen ihrer Studienfahrt die tschechische Hauptstadt erkunden und erleben. Neben festen gemeinsamen Programmpunkten, wie der dreist\u00fcndigen Stadtf\u00fchrung direkt nach der n\u00e4chtlichen Busfahrt, dem Besuch des Schokoladenmuseums oder dem Besuch der Prager Burg und der Prager Botschaft, an der Frau Hiller-Kitzmann anhand pers\u00f6nlicher Erfahrungen einen Einblick in &hellip; Studienfahrt unserer Q 1 nach Prag weiterlesen &rarr;\" \/>\n<meta property=\"og:url\" content=\"https:\/\/tkg-duisburg.de\/?p=8875\" \/>\n<meta property=\"og:site_name\" content=\"Theodor K\u00f6nig Gesamtschule Duisburg\" \/>\n<meta property=\"article:published_time\" content=\"2025-09-23T06:37:28+00:00\" \/>\n<meta property=\"article:modified_time\" content=\"2025-09-23T06:37:30+00:00\" \/>\n<meta property=\"og:image\" content=\"https:\/\/tkg-duisburg.de\/wp-content\/uploads\/2025\/09\/20250909_102626-1024x768.jpg\" \/>\n<meta name=\"author\" content=\"Bj\u00f6rn Becker\" \/>\n<meta name=\"twitter:card\" content=\"summary_large_image\" \/>\n<meta name=\"twitter:label1\" content=\"Verfasst von\" \/>\n\t<meta name=\"twitter:data1\" content=\"Bj\u00f6rn Becker\" \/>\n\t<meta name=\"twitter:label2\" content=\"Gesch\u00e4tzte Lesezeit\" \/>\n\t<meta name=\"twitter:data2\" content=\"3\u00a0Minuten\" \/>\n<script type=\"application\/ld+json\" class=\"yoast-schema-graph\">{\"@context\":\"https:\/\/schema.org\",\"@graph\":[{\"@type\":\"WebPage\",\"@id\":\"https:\/\/tkg-duisburg.de\/?p=8875\",\"url\":\"https:\/\/tkg-duisburg.de\/?p=8875\",\"name\":\"Studienfahrt unserer Q 1 nach Prag - Theodor K\u00f6nig Gesamtschule Duisburg\",\"isPartOf\":{\"@id\":\"https:\/\/tkg-duisburg.de\/#website\"},\"primaryImageOfPage\":{\"@id\":\"https:\/\/tkg-duisburg.de\/?p=8875#primaryimage\"},\"image\":{\"@id\":\"https:\/\/tkg-duisburg.de\/?p=8875#primaryimage\"},\"thumbnailUrl\":\"https:\/\/tkg-duisburg.de\/wp-content\/uploads\/2025\/09\/20250909_102626-1024x768.jpg\",\"datePublished\":\"2025-09-23T06:37:28+00:00\",\"dateModified\":\"2025-09-23T06:37:30+00:00\",\"author\":{\"@id\":\"https:\/\/tkg-duisburg.de\/#\/schema\/person\/5a5b174492de297d4b57e9a3d89564ee\"},\"breadcrumb\":{\"@id\":\"https:\/\/tkg-duisburg.de\/?p=8875#breadcrumb\"},\"inLanguage\":\"de\",\"potentialAction\":[{\"@type\":\"ReadAction\",\"target\":[\"https:\/\/tkg-duisburg.de\/?p=8875\"]}]},{\"@type\":\"ImageObject\",\"inLanguage\":\"de\",\"@id\":\"https:\/\/tkg-duisburg.de\/?p=8875#primaryimage\",\"url\":\"https:\/\/tkg-duisburg.de\/wp-content\/uploads\/2025\/09\/20250909_102626-scaled.jpg\",\"contentUrl\":\"https:\/\/tkg-duisburg.de\/wp-content\/uploads\/2025\/09\/20250909_102626-scaled.jpg\",\"width\":2560,\"height\":1920},{\"@type\":\"BreadcrumbList\",\"@id\":\"https:\/\/tkg-duisburg.de\/?p=8875#breadcrumb\",\"itemListElement\":[{\"@type\":\"ListItem\",\"position\":1,\"name\":\"Startseite\",\"item\":\"https:\/\/tkg-duisburg.de\/\"},{\"@type\":\"ListItem\",\"position\":2,\"name\":\"Studienfahrt unserer Q 1 nach Prag\"}]},{\"@type\":\"WebSite\",\"@id\":\"https:\/\/tkg-duisburg.de\/#website\",\"url\":\"https:\/\/tkg-duisburg.de\/\",\"name\":\"Theodor K\u00f6nig Gesamtschule Duisburg\",\"description\":\"\",\"potentialAction\":[{\"@type\":\"SearchAction\",\"target\":{\"@type\":\"EntryPoint\",\"urlTemplate\":\"https:\/\/tkg-duisburg.de\/?s={search_term_string}\"},\"query-input\":\"required name=search_term_string\"}],\"inLanguage\":\"de\"},{\"@type\":\"Person\",\"@id\":\"https:\/\/tkg-duisburg.de\/#\/schema\/person\/5a5b174492de297d4b57e9a3d89564ee\",\"name\":\"Bj\u00f6rn Becker\",\"image\":{\"@type\":\"ImageObject\",\"inLanguage\":\"de\",\"@id\":\"https:\/\/tkg-duisburg.de\/#\/schema\/person\/image\/\",\"url\":\"https:\/\/secure.gravatar.com\/avatar\/c7690b9f448fdd19e7a021d2d0201faa0dc70513a48fc7103388e3231c3056a4?s=96&d=mm&r=g\",\"contentUrl\":\"https:\/\/secure.gravatar.com\/avatar\/c7690b9f448fdd19e7a021d2d0201faa0dc70513a48fc7103388e3231c3056a4?s=96&d=mm&r=g\",\"caption\":\"Bj\u00f6rn Becker\"},\"url\":\"https:\/\/tkg-duisburg.de\/?author=5\"}]}<\/script>\n<!-- \/ Yoast SEO plugin. -->","yoast_head_json":{"title":"Studienfahrt unserer Q 1 nach Prag - Theodor K\u00f6nig Gesamtschule Duisburg","robots":{"index":"index","follow":"follow","max-snippet":"max-snippet:-1","max-image-preview":"max-image-preview:large","max-video-preview":"max-video-preview:-1"},"canonical":"https:\/\/tkg-duisburg.de\/?p=8875","og_locale":"de_DE","og_type":"article","og_title":"Studienfahrt unserer Q 1 nach Prag - Theodor K\u00f6nig Gesamtschule Duisburg","og_description":"Bei nahezu sommerlichem Wetter konnte unsere Q 1 im Rahmen ihrer Studienfahrt die tschechische Hauptstadt erkunden und erleben. Neben festen gemeinsamen Programmpunkten, wie der dreist\u00fcndigen Stadtf\u00fchrung direkt nach der n\u00e4chtlichen Busfahrt, dem Besuch des Schokoladenmuseums oder dem Besuch der Prager Burg und der Prager Botschaft, an der Frau Hiller-Kitzmann anhand pers\u00f6nlicher Erfahrungen einen Einblick in &hellip; Studienfahrt unserer Q 1 nach Prag weiterlesen &rarr;","og_url":"https:\/\/tkg-duisburg.de\/?p=8875","og_site_name":"Theodor K\u00f6nig Gesamtschule Duisburg","article_published_time":"2025-09-23T06:37:28+00:00","article_modified_time":"2025-09-23T06:37:30+00:00","og_image":[{"url":"https:\/\/tkg-duisburg.de\/wp-content\/uploads\/2025\/09\/20250909_102626-1024x768.jpg"}],"author":"Bj\u00f6rn Becker","twitter_card":"summary_large_image","twitter_misc":{"Verfasst von":"Bj\u00f6rn Becker","Gesch\u00e4tzte Lesezeit":"3\u00a0Minuten"},"schema":{"@context":"https:\/\/schema.org","@graph":[{"@type":"WebPage","@id":"https:\/\/tkg-duisburg.de\/?p=8875","url":"https:\/\/tkg-duisburg.de\/?p=8875","name":"Studienfahrt unserer Q 1 nach Prag - Theodor K\u00f6nig Gesamtschule Duisburg","isPartOf":{"@id":"https:\/\/tkg-duisburg.de\/#website"},"primaryImageOfPage":{"@id":"https:\/\/tkg-duisburg.de\/?p=8875#primaryimage"},"image":{"@id":"https:\/\/tkg-duisburg.de\/?p=8875#primaryimage"},"thumbnailUrl":"https:\/\/tkg-duisburg.de\/wp-content\/uploads\/2025\/09\/20250909_102626-1024x768.jpg","datePublished":"2025-09-23T06:37:28+00:00","dateModified":"2025-09-23T06:37:30+00:00","author":{"@id":"https:\/\/tkg-duisburg.de\/#\/schema\/person\/5a5b174492de297d4b57e9a3d89564ee"},"breadcrumb":{"@id":"https:\/\/tkg-duisburg.de\/?p=8875#breadcrumb"},"inLanguage":"de","potentialAction":[{"@type":"ReadAction","target":["https:\/\/tkg-duisburg.de\/?p=8875"]}]},{"@type":"ImageObject","inLanguage":"de","@id":"https:\/\/tkg-duisburg.de\/?p=8875#primaryimage","url":"https:\/\/tkg-duisburg.de\/wp-content\/uploads\/2025\/09\/20250909_102626-scaled.jpg","contentUrl":"https:\/\/tkg-duisburg.de\/wp-content\/uploads\/2025\/09\/20250909_102626-scaled.jpg","width":2560,"height":1920},{"@type":"BreadcrumbList","@id":"https:\/\/tkg-duisburg.de\/?p=8875#breadcrumb","itemListElement":[{"@type":"ListItem","position":1,"name":"Startseite","item":"https:\/\/tkg-duisburg.de\/"},{"@type":"ListItem","position":2,"name":"Studienfahrt unserer Q 1 nach Prag"}]},{"@type":"WebSite","@id":"https:\/\/tkg-duisburg.de\/#website","url":"https:\/\/tkg-duisburg.de\/","name":"Theodor K\u00f6nig Gesamtschule Duisburg","description":"","potentialAction":[{"@type":"SearchAction","target":{"@type":"EntryPoint","urlTemplate":"https:\/\/tkg-duisburg.de\/?s={search_term_string}"},"query-input":"required name=search_term_string"}],"inLanguage":"de"},{"@type":"Person","@id":"https:\/\/tkg-duisburg.de\/#\/schema\/person\/5a5b174492de297d4b57e9a3d89564ee","name":"Bj\u00f6rn Becker","image":{"@type":"ImageObject","inLanguage":"de","@id":"https:\/\/tkg-duisburg.de\/#\/schema\/person\/image\/","url":"https:\/\/secure.gravatar.com\/avatar\/c7690b9f448fdd19e7a021d2d0201faa0dc70513a48fc7103388e3231c3056a4?s=96&d=mm&r=g","contentUrl":"https:\/\/secure.gravatar.com\/avatar\/c7690b9f448fdd19e7a021d2d0201faa0dc70513a48fc7103388e3231c3056a4?s=96&d=mm&r=g","caption":"Bj\u00f6rn Becker"},"url":"https:\/\/tkg-duisburg.de\/?author=5"}]}},"_links":{"self":[{"href":"https:\/\/tkg-duisburg.de\/index.php?rest_route=\/wp\/v2\/posts\/8875","targetHints":{"allow":["GET"]}}],"collection":[{"href":"https:\/\/tkg-duisburg.de\/index.php?rest_route=\/wp\/v2\/posts"}],"about":[{"href":"https:\/\/tkg-duisburg.de\/index.php?rest_route=\/wp\/v2\/types\/post"}],"author":[{"embeddable":true,"href":"https:\/\/tkg-duisburg.de\/index.php?rest_route=\/wp\/v2\/users\/5"}],"replies":[{"embeddable":true,"href":"https:\/\/tkg-duisburg.de\/index.php?rest_route=%2Fwp%2Fv2%2Fcomments&post=8875"}],"version-history":[{"count":1,"href":"https:\/\/tkg-duisburg.de\/index.php?rest_route=\/wp\/v2\/posts\/8875\/revisions"}],"predecessor-version":[{"id":8882,"href":"https:\/\/tkg-duisburg.de\/index.php?rest_route=\/wp\/v2\/posts\/8875\/revisions\/8882"}],"wp:attachment":[{"href":"https:\/\/tkg-duisburg.de\/index.php?rest_route=%2Fwp%2Fv2%2Fmedia&parent=8875"}],"wp:term":[{"taxonomy":"category","embeddable":true,"href":"https:\/\/tkg-duisburg.de\/index.php?rest_route=%2Fwp%2Fv2%2Fcategories&post=8875"},{"taxonomy":"post_tag","embeddable":true,"href":"https:\/\/tkg-duisburg.de\/index.php?rest_route=%2Fwp%2Fv2%2Ftags&post=8875"}],"curies":[{"name":"wp","href":"https:\/\/api.w.org\/{rel}","templated":true}]}}