{"id":8889,"date":"2025-09-28T10:35:49","date_gmt":"2025-09-28T08:35:49","guid":{"rendered":"https:\/\/tkg-duisburg.de\/?p=8889"},"modified":"2025-09-28T10:35:51","modified_gmt":"2025-09-28T08:35:51","slug":"campustag-2025-der-universitaet-duisburg-essen-am-18-09-2025","status":"publish","type":"post","link":"https:\/\/tkg-duisburg.de\/?p=8889","title":{"rendered":"Campustag 2025 der Universit\u00e4t Duisburg-Essen am 18.09.2025"},"content":{"rendered":"\n<p>Dreizehn Sch\u00fclerInnen unserer Oberstufe nutzten das Angebot, um einen Einblick in das Uni-Leben und die verschiedenen Studienf\u00e4cher am Campus Duisburg zu erhalten.<\/p>\n\n\n\n<figure class=\"wp-block-image size-large\"><img loading=\"lazy\" decoding=\"async\" width=\"768\" height=\"1024\" src=\"https:\/\/tkg-duisburg.de\/wp-content\/uploads\/2025\/09\/20250918_114714-768x1024.jpg\" alt=\"\" class=\"wp-image-8894\" srcset=\"https:\/\/tkg-duisburg.de\/wp-content\/uploads\/2025\/09\/20250918_114714-768x1024.jpg 768w, https:\/\/tkg-duisburg.de\/wp-content\/uploads\/2025\/09\/20250918_114714-225x300.jpg 225w, https:\/\/tkg-duisburg.de\/wp-content\/uploads\/2025\/09\/20250918_114714-150x200.jpg 150w, https:\/\/tkg-duisburg.de\/wp-content\/uploads\/2025\/09\/20250918_114714-1152x1536.jpg 1152w, https:\/\/tkg-duisburg.de\/wp-content\/uploads\/2025\/09\/20250918_114714-1536x2048.jpg 1536w, https:\/\/tkg-duisburg.de\/wp-content\/uploads\/2025\/09\/20250918_114714-scaled.jpg 1920w\" sizes=\"auto, (max-width: 768px) 100vw, 768px\" \/><\/figure>\n\n\n\n<!--more-->\n\n\n\n<p>Nach einem kurzen allgemeinen Einstieg und einer Podiumsdiskussion mit Studierenden verschiedener F\u00e4cher im neuen Audimax, hatten die Sch\u00fclerInnen Gelegenheit, einzelne fachliche Angebote \u2013 Informatik, moderne Ostasienstudien, Physik etc. kennenzulernen, bevor es zum Abschluss noch eine St\u00e4rkung in Form von Luncht\u00fcten gab.<\/p>\n\n\n\n<p><strong>Doch was sagen unsere Sch\u00fclerInnen:<\/strong><\/p>\n\n\n\n<p><strong><em>Jason (Q 2):<\/em><\/strong> \u201cIch hatte einen sch\u00f6nen Tag und konnte einen guten Einblick ins Studium bekommen. F\u00fcr die netten Geschenke und die guten Gespr\u00e4che mit den Studenten bedanke ich mich.\u201c<\/p>\n\n\n<div class=\"wp-block-image\">\n<figure class=\"alignleft size-large is-resized\"><img loading=\"lazy\" decoding=\"async\" width=\"576\" height=\"1024\" src=\"https:\/\/tkg-duisburg.de\/wp-content\/uploads\/2025\/09\/Unknown-2-576x1024.jpeg\" alt=\"\" class=\"wp-image-8896\" style=\"width:116px;height:auto\" srcset=\"https:\/\/tkg-duisburg.de\/wp-content\/uploads\/2025\/09\/Unknown-2-576x1024.jpeg 576w, https:\/\/tkg-duisburg.de\/wp-content\/uploads\/2025\/09\/Unknown-2-169x300.jpeg 169w, https:\/\/tkg-duisburg.de\/wp-content\/uploads\/2025\/09\/Unknown-2-864x1536.jpeg 864w, https:\/\/tkg-duisburg.de\/wp-content\/uploads\/2025\/09\/Unknown-2-1152x2048.jpeg 1152w, https:\/\/tkg-duisburg.de\/wp-content\/uploads\/2025\/09\/Unknown-2.jpeg 1242w\" sizes=\"auto, (max-width: 576px) 100vw, 576px\" \/><\/figure>\n<\/div>\n\n\n<p><strong><em>Rimi (EF):<\/em><\/strong> \u201cDer Campustag heute war sehr gut. Ich habe jetzt eine Idee von den Sachen, die nicht zu mir passen bzw. die ich mag.\u201c<\/p>\n\n\n\n<p><strong><em>Desmond (Q 2):<\/em><\/strong> \u201cMir hat die Pr\u00e4sentation von Informatik gefallen, da sie auf der Jugendsprache basierte und ich vieles mitnehmen konnte. Der selbstgebaute Roboterhund hat mich \u00fcberrascht.\u201c<\/p>\n\n\n<div class=\"wp-block-image\">\n<figure class=\"alignright size-large is-resized\"><img loading=\"lazy\" decoding=\"async\" width=\"1024\" height=\"768\" src=\"https:\/\/tkg-duisburg.de\/wp-content\/uploads\/2025\/09\/20250918_092933-1024x768.jpg\" alt=\"\" class=\"wp-image-8893\" style=\"width:116px;height:auto\" srcset=\"https:\/\/tkg-duisburg.de\/wp-content\/uploads\/2025\/09\/20250918_092933-1024x768.jpg 1024w, https:\/\/tkg-duisburg.de\/wp-content\/uploads\/2025\/09\/20250918_092933-300x225.jpg 300w, https:\/\/tkg-duisburg.de\/wp-content\/uploads\/2025\/09\/20250918_092933-1536x1152.jpg 1536w, https:\/\/tkg-duisburg.de\/wp-content\/uploads\/2025\/09\/20250918_092933-2048x1536.jpg 2048w\" sizes=\"auto, (max-width: 1024px) 100vw, 1024px\" \/><\/figure>\n<\/div>\n\n\n<p><strong><em>Sude (Q 1):<\/em><\/strong> \u201cDer Campustag war f\u00fcr mich sehr hilfreich und interessant.&nbsp; Ich habe jetzt einen besseren \u00dcberblick \u00fcber die Studieng\u00e4nge und dadurch eine klarere Vorstellung f\u00fcr mich.\u201c<\/p>\n\n\n\n<p><strong><em>Meriam Ahmed (EF):<\/em><\/strong> \u201c Danke an Frau Hiller und diese Veranstaltung, denn ich habe herausgefunden, was ich sp\u00e4ter studieren m\u00f6chte. Es hat mir nicht nur Freude gemacht, sondern auch mega viel Spa\u00df, mich mit StudentenInnen auszutauschen:\u201c<\/p>\n\n\n<div class=\"wp-block-image\">\n<figure class=\"alignleft size-large is-resized\"><img loading=\"lazy\" decoding=\"async\" width=\"768\" height=\"1024\" src=\"https:\/\/tkg-duisburg.de\/wp-content\/uploads\/2025\/09\/c41477ef-4a42-4927-b3f1-161ac9a88140-IMG_6717-768x1024.jpeg\" alt=\"\" class=\"wp-image-8895\" style=\"width:116px;height:auto\" srcset=\"https:\/\/tkg-duisburg.de\/wp-content\/uploads\/2025\/09\/c41477ef-4a42-4927-b3f1-161ac9a88140-IMG_6717-768x1024.jpeg 768w, https:\/\/tkg-duisburg.de\/wp-content\/uploads\/2025\/09\/c41477ef-4a42-4927-b3f1-161ac9a88140-IMG_6717-225x300.jpeg 225w, https:\/\/tkg-duisburg.de\/wp-content\/uploads\/2025\/09\/c41477ef-4a42-4927-b3f1-161ac9a88140-IMG_6717-150x200.jpeg 150w, https:\/\/tkg-duisburg.de\/wp-content\/uploads\/2025\/09\/c41477ef-4a42-4927-b3f1-161ac9a88140-IMG_6717-1152x1536.jpeg 1152w, https:\/\/tkg-duisburg.de\/wp-content\/uploads\/2025\/09\/c41477ef-4a42-4927-b3f1-161ac9a88140-IMG_6717-1536x2048.jpeg 1536w, https:\/\/tkg-duisburg.de\/wp-content\/uploads\/2025\/09\/c41477ef-4a42-4927-b3f1-161ac9a88140-IMG_6717-scaled.jpeg 1920w\" sizes=\"auto, (max-width: 768px) 100vw, 768px\" \/><\/figure>\n<\/div>\n\n\n<p><strong><em>Stamatina (Q 1):<\/em><\/strong> \u201cIch war ziemlich beeindruckt von den Studieng\u00e4ngen bzw. den Thematiken.&nbsp; Die Professoren und StudentenInnen waren sehr nett und konnten immer helfen. Wir konnten einen guten Eindruck in den Studiengang erhalten, der uns interessierte und dann entscheiden, ob der etwas f\u00fcr uns ist oder nicht.\u201c<\/p>\n\n\n<div class=\"wp-block-image\">\n<figure class=\"alignright size-large is-resized\"><img loading=\"lazy\" decoding=\"async\" width=\"2170\" height=\"2170\" src=\"https:\/\/tkg-duisburg.de\/wp-content\/uploads\/2025\/09\/b42d26ad-2ec3-4c7e-95c1-a11f0b543dae-IMG_4463-edited-1.jpeg\" alt=\"\" class=\"wp-image-8892\" style=\"width:269px;height:auto\" srcset=\"https:\/\/tkg-duisburg.de\/wp-content\/uploads\/2025\/09\/b42d26ad-2ec3-4c7e-95c1-a11f0b543dae-IMG_4463-edited-1.jpeg 2170w, https:\/\/tkg-duisburg.de\/wp-content\/uploads\/2025\/09\/b42d26ad-2ec3-4c7e-95c1-a11f0b543dae-IMG_4463-edited-1-300x300.jpeg 300w, https:\/\/tkg-duisburg.de\/wp-content\/uploads\/2025\/09\/b42d26ad-2ec3-4c7e-95c1-a11f0b543dae-IMG_4463-edited-1-1024x1024.jpeg 1024w, https:\/\/tkg-duisburg.de\/wp-content\/uploads\/2025\/09\/b42d26ad-2ec3-4c7e-95c1-a11f0b543dae-IMG_4463-edited-1-1536x1536.jpeg 1536w, https:\/\/tkg-duisburg.de\/wp-content\/uploads\/2025\/09\/b42d26ad-2ec3-4c7e-95c1-a11f0b543dae-IMG_4463-edited-1-2048x2048.jpeg 2048w\" sizes=\"auto, (max-width: 2170px) 100vw, 2170px\" \/><\/figure>\n<\/div>\n\n\n<p><strong><em>Zaher (Q 2): <\/em><\/strong>\u201c Ich habe mich f\u00fcr Informatik entschieden, um mehr dar\u00fcber zu erfahren und fand es spannend zu erfahren, welche F\u00e4higkeiten wichtig sind und welche M\u00f6glichkeiten das Fach bietet, von wegen von Wirtschaftsinformatik bis Software Engineering. Die Begegnung mit dem Roboterhund Ben, der selbst\u00e4ndig laufen und sogar auf zwei Beinen stehen kann, war sicher ein Highlight.\u201c<\/p>\n\n\n\n<p><strong><em>(\u2026<\/em><\/strong>)<\/p>\n\n\n\n<p><strong><em>Fazit aller TeilnehmerInnen:<\/em><\/strong> \u201eCooler und vor allem hilfreicher Tag. Unbedingt wieder und empfehlenswert f\u00fcr alle Oberstufensch\u00fclerInnen.\u201c<\/p>\n\n\n\n<p><\/p>\n","protected":false},"excerpt":{"rendered":"<p>Dreizehn Sch\u00fclerInnen unserer Oberstufe nutzten das Angebot, um einen Einblick in das Uni-Leben und die verschiedenen Studienf\u00e4cher am Campus Duisburg zu erhalten.<\/p>\n","protected":false},"author":5,"featured_media":0,"comment_status":"closed","ping_status":"open","sticky":false,"template":"","format":"standard","meta":{"footnotes":""},"categories":[1,31,48,40,79],"tags":[],"class_list":["post-8889","post","type-post","status-publish","format-standard","hentry","category-allgemein","category-ausserschulisches-lernen","category-berufsvorbereitung","category-sekundarstufe-ii","category-studienorientierung"],"yoast_head":"<!-- This site is optimized with the Yoast SEO plugin v22.6 - https:\/\/yoast.com\/wordpress\/plugins\/seo\/ -->\n<title>Campustag 2025 der Universit\u00e4t Duisburg-Essen am 18.09.2025 - Theodor K\u00f6nig Gesamtschule Duisburg<\/title>\n<meta name=\"robots\" content=\"index, follow, max-snippet:-1, max-image-preview:large, max-video-preview:-1\" \/>\n<link rel=\"canonical\" href=\"https:\/\/tkg-duisburg.de\/?p=8889\" \/>\n<meta property=\"og:locale\" content=\"de_DE\" \/>\n<meta property=\"og:type\" content=\"article\" \/>\n<meta property=\"og:title\" content=\"Campustag 2025 der Universit\u00e4t Duisburg-Essen am 18.09.2025 - Theodor K\u00f6nig Gesamtschule Duisburg\" \/>\n<meta property=\"og:description\" content=\"Dreizehn Sch\u00fclerInnen unserer Oberstufe nutzten das Angebot, um einen Einblick in das Uni-Leben und die verschiedenen Studienf\u00e4cher am Campus Duisburg zu erhalten.\" \/>\n<meta property=\"og:url\" content=\"https:\/\/tkg-duisburg.de\/?p=8889\" \/>\n<meta property=\"og:site_name\" content=\"Theodor K\u00f6nig Gesamtschule Duisburg\" \/>\n<meta property=\"article:published_time\" content=\"2025-09-28T08:35:49+00:00\" \/>\n<meta property=\"article:modified_time\" content=\"2025-09-28T08:35:51+00:00\" \/>\n<meta property=\"og:image\" content=\"https:\/\/tkg-duisburg.de\/wp-content\/uploads\/2025\/09\/20250918_114714-768x1024.jpg\" \/>\n<meta name=\"author\" content=\"Bj\u00f6rn Becker\" \/>\n<meta name=\"twitter:card\" content=\"summary_large_image\" \/>\n<meta name=\"twitter:label1\" content=\"Verfasst von\" \/>\n\t<meta name=\"twitter:data1\" content=\"Bj\u00f6rn Becker\" \/>\n\t<meta name=\"twitter:label2\" content=\"Gesch\u00e4tzte Lesezeit\" \/>\n\t<meta name=\"twitter:data2\" content=\"3\u00a0Minuten\" \/>\n<script type=\"application\/ld+json\" class=\"yoast-schema-graph\">{\"@context\":\"https:\/\/schema.org\",\"@graph\":[{\"@type\":\"WebPage\",\"@id\":\"https:\/\/tkg-duisburg.de\/?p=8889\",\"url\":\"https:\/\/tkg-duisburg.de\/?p=8889\",\"name\":\"Campustag 2025 der Universit\u00e4t Duisburg-Essen am 18.09.2025 - Theodor K\u00f6nig Gesamtschule Duisburg\",\"isPartOf\":{\"@id\":\"https:\/\/tkg-duisburg.de\/#website\"},\"primaryImageOfPage\":{\"@id\":\"https:\/\/tkg-duisburg.de\/?p=8889#primaryimage\"},\"image\":{\"@id\":\"https:\/\/tkg-duisburg.de\/?p=8889#primaryimage\"},\"thumbnailUrl\":\"https:\/\/tkg-duisburg.de\/wp-content\/uploads\/2025\/09\/20250918_114714-768x1024.jpg\",\"datePublished\":\"2025-09-28T08:35:49+00:00\",\"dateModified\":\"2025-09-28T08:35:51+00:00\",\"author\":{\"@id\":\"https:\/\/tkg-duisburg.de\/#\/schema\/person\/5a5b174492de297d4b57e9a3d89564ee\"},\"breadcrumb\":{\"@id\":\"https:\/\/tkg-duisburg.de\/?p=8889#breadcrumb\"},\"inLanguage\":\"de\",\"potentialAction\":[{\"@type\":\"ReadAction\",\"target\":[\"https:\/\/tkg-duisburg.de\/?p=8889\"]}]},{\"@type\":\"ImageObject\",\"inLanguage\":\"de\",\"@id\":\"https:\/\/tkg-duisburg.de\/?p=8889#primaryimage\",\"url\":\"https:\/\/tkg-duisburg.de\/wp-content\/uploads\/2025\/09\/20250918_114714-scaled.jpg\",\"contentUrl\":\"https:\/\/tkg-duisburg.de\/wp-content\/uploads\/2025\/09\/20250918_114714-scaled.jpg\",\"width\":1920,\"height\":2560},{\"@type\":\"BreadcrumbList\",\"@id\":\"https:\/\/tkg-duisburg.de\/?p=8889#breadcrumb\",\"itemListElement\":[{\"@type\":\"ListItem\",\"position\":1,\"name\":\"Startseite\",\"item\":\"https:\/\/tkg-duisburg.de\/\"},{\"@type\":\"ListItem\",\"position\":2,\"name\":\"Campustag 2025 der Universit\u00e4t Duisburg-Essen am 18.09.2025\"}]},{\"@type\":\"WebSite\",\"@id\":\"https:\/\/tkg-duisburg.de\/#website\",\"url\":\"https:\/\/tkg-duisburg.de\/\",\"name\":\"Theodor K\u00f6nig Gesamtschule Duisburg\",\"description\":\"\",\"potentialAction\":[{\"@type\":\"SearchAction\",\"target\":{\"@type\":\"EntryPoint\",\"urlTemplate\":\"https:\/\/tkg-duisburg.de\/?s={search_term_string}\"},\"query-input\":\"required name=search_term_string\"}],\"inLanguage\":\"de\"},{\"@type\":\"Person\",\"@id\":\"https:\/\/tkg-duisburg.de\/#\/schema\/person\/5a5b174492de297d4b57e9a3d89564ee\",\"name\":\"Bj\u00f6rn Becker\",\"image\":{\"@type\":\"ImageObject\",\"inLanguage\":\"de\",\"@id\":\"https:\/\/tkg-duisburg.de\/#\/schema\/person\/image\/\",\"url\":\"https:\/\/secure.gravatar.com\/avatar\/c7690b9f448fdd19e7a021d2d0201faa0dc70513a48fc7103388e3231c3056a4?s=96&d=mm&r=g\",\"contentUrl\":\"https:\/\/secure.gravatar.com\/avatar\/c7690b9f448fdd19e7a021d2d0201faa0dc70513a48fc7103388e3231c3056a4?s=96&d=mm&r=g\",\"caption\":\"Bj\u00f6rn Becker\"},\"url\":\"https:\/\/tkg-duisburg.de\/?author=5\"}]}<\/script>\n<!-- \/ Yoast SEO plugin. -->","yoast_head_json":{"title":"Campustag 2025 der Universit\u00e4t Duisburg-Essen am 18.09.2025 - Theodor K\u00f6nig Gesamtschule Duisburg","robots":{"index":"index","follow":"follow","max-snippet":"max-snippet:-1","max-image-preview":"max-image-preview:large","max-video-preview":"max-video-preview:-1"},"canonical":"https:\/\/tkg-duisburg.de\/?p=8889","og_locale":"de_DE","og_type":"article","og_title":"Campustag 2025 der Universit\u00e4t Duisburg-Essen am 18.09.2025 - Theodor K\u00f6nig Gesamtschule Duisburg","og_description":"Dreizehn Sch\u00fclerInnen unserer Oberstufe nutzten das Angebot, um einen Einblick in das Uni-Leben und die verschiedenen Studienf\u00e4cher am Campus Duisburg zu erhalten.","og_url":"https:\/\/tkg-duisburg.de\/?p=8889","og_site_name":"Theodor K\u00f6nig Gesamtschule Duisburg","article_published_time":"2025-09-28T08:35:49+00:00","article_modified_time":"2025-09-28T08:35:51+00:00","og_image":[{"url":"https:\/\/tkg-duisburg.de\/wp-content\/uploads\/2025\/09\/20250918_114714-768x1024.jpg"}],"author":"Bj\u00f6rn Becker","twitter_card":"summary_large_image","twitter_misc":{"Verfasst von":"Bj\u00f6rn Becker","Gesch\u00e4tzte Lesezeit":"3\u00a0Minuten"},"schema":{"@context":"https:\/\/schema.org","@graph":[{"@type":"WebPage","@id":"https:\/\/tkg-duisburg.de\/?p=8889","url":"https:\/\/tkg-duisburg.de\/?p=8889","name":"Campustag 2025 der Universit\u00e4t Duisburg-Essen am 18.09.2025 - Theodor K\u00f6nig Gesamtschule Duisburg","isPartOf":{"@id":"https:\/\/tkg-duisburg.de\/#website"},"primaryImageOfPage":{"@id":"https:\/\/tkg-duisburg.de\/?p=8889#primaryimage"},"image":{"@id":"https:\/\/tkg-duisburg.de\/?p=8889#primaryimage"},"thumbnailUrl":"https:\/\/tkg-duisburg.de\/wp-content\/uploads\/2025\/09\/20250918_114714-768x1024.jpg","datePublished":"2025-09-28T08:35:49+00:00","dateModified":"2025-09-28T08:35:51+00:00","author":{"@id":"https:\/\/tkg-duisburg.de\/#\/schema\/person\/5a5b174492de297d4b57e9a3d89564ee"},"breadcrumb":{"@id":"https:\/\/tkg-duisburg.de\/?p=8889#breadcrumb"},"inLanguage":"de","potentialAction":[{"@type":"ReadAction","target":["https:\/\/tkg-duisburg.de\/?p=8889"]}]},{"@type":"ImageObject","inLanguage":"de","@id":"https:\/\/tkg-duisburg.de\/?p=8889#primaryimage","url":"https:\/\/tkg-duisburg.de\/wp-content\/uploads\/2025\/09\/20250918_114714-scaled.jpg","contentUrl":"https:\/\/tkg-duisburg.de\/wp-content\/uploads\/2025\/09\/20250918_114714-scaled.jpg","width":1920,"height":2560},{"@type":"BreadcrumbList","@id":"https:\/\/tkg-duisburg.de\/?p=8889#breadcrumb","itemListElement":[{"@type":"ListItem","position":1,"name":"Startseite","item":"https:\/\/tkg-duisburg.de\/"},{"@type":"ListItem","position":2,"name":"Campustag 2025 der Universit\u00e4t Duisburg-Essen am 18.09.2025"}]},{"@type":"WebSite","@id":"https:\/\/tkg-duisburg.de\/#website","url":"https:\/\/tkg-duisburg.de\/","name":"Theodor K\u00f6nig Gesamtschule Duisburg","description":"","potentialAction":[{"@type":"SearchAction","target":{"@type":"EntryPoint","urlTemplate":"https:\/\/tkg-duisburg.de\/?s={search_term_string}"},"query-input":"required name=search_term_string"}],"inLanguage":"de"},{"@type":"Person","@id":"https:\/\/tkg-duisburg.de\/#\/schema\/person\/5a5b174492de297d4b57e9a3d89564ee","name":"Bj\u00f6rn Becker","image":{"@type":"ImageObject","inLanguage":"de","@id":"https:\/\/tkg-duisburg.de\/#\/schema\/person\/image\/","url":"https:\/\/secure.gravatar.com\/avatar\/c7690b9f448fdd19e7a021d2d0201faa0dc70513a48fc7103388e3231c3056a4?s=96&d=mm&r=g","contentUrl":"https:\/\/secure.gravatar.com\/avatar\/c7690b9f448fdd19e7a021d2d0201faa0dc70513a48fc7103388e3231c3056a4?s=96&d=mm&r=g","caption":"Bj\u00f6rn Becker"},"url":"https:\/\/tkg-duisburg.de\/?author=5"}]}},"_links":{"self":[{"href":"https:\/\/tkg-duisburg.de\/index.php?rest_route=\/wp\/v2\/posts\/8889","targetHints":{"allow":["GET"]}}],"collection":[{"href":"https:\/\/tkg-duisburg.de\/index.php?rest_route=\/wp\/v2\/posts"}],"about":[{"href":"https:\/\/tkg-duisburg.de\/index.php?rest_route=\/wp\/v2\/types\/post"}],"author":[{"embeddable":true,"href":"https:\/\/tkg-duisburg.de\/index.php?rest_route=\/wp\/v2\/users\/5"}],"replies":[{"embeddable":true,"href":"https:\/\/tkg-duisburg.de\/index.php?rest_route=%2Fwp%2Fv2%2Fcomments&post=8889"}],"version-history":[{"count":1,"href":"https:\/\/tkg-duisburg.de\/index.php?rest_route=\/wp\/v2\/posts\/8889\/revisions"}],"predecessor-version":[{"id":8897,"href":"https:\/\/tkg-duisburg.de\/index.php?rest_route=\/wp\/v2\/posts\/8889\/revisions\/8897"}],"wp:attachment":[{"href":"https:\/\/tkg-duisburg.de\/index.php?rest_route=%2Fwp%2Fv2%2Fmedia&parent=8889"}],"wp:term":[{"taxonomy":"category","embeddable":true,"href":"https:\/\/tkg-duisburg.de\/index.php?rest_route=%2Fwp%2Fv2%2Fcategories&post=8889"},{"taxonomy":"post_tag","embeddable":true,"href":"https:\/\/tkg-duisburg.de\/index.php?rest_route=%2Fwp%2Fv2%2Ftags&post=8889"}],"curies":[{"name":"wp","href":"https:\/\/api.w.org\/{rel}","templated":true}]}}