{"id":8911,"date":"2025-10-03T13:09:35","date_gmt":"2025-10-03T11:09:35","guid":{"rendered":"https:\/\/tkg-duisburg.de\/?p=8911"},"modified":"2025-10-03T13:09:36","modified_gmt":"2025-10-03T11:09:36","slug":"elterncafe-oder-doch-elternnetzwerk","status":"publish","type":"post","link":"https:\/\/tkg-duisburg.de\/?p=8911","title":{"rendered":"Elterncaf\u00e9 oder doch Elternnetzwerk?"},"content":{"rendered":"\n<figure class=\"wp-block-image size-large\"><img loading=\"lazy\" decoding=\"async\" width=\"724\" height=\"1024\" src=\"https:\/\/tkg-duisburg.de\/wp-content\/uploads\/2025\/10\/Grey-Black-Minimalist-Illustrative-Cafe-Soft-Opening-Promotion-Poster-724x1024.png\" alt=\"\" class=\"wp-image-8912\" srcset=\"https:\/\/tkg-duisburg.de\/wp-content\/uploads\/2025\/10\/Grey-Black-Minimalist-Illustrative-Cafe-Soft-Opening-Promotion-Poster-724x1024.png 724w, https:\/\/tkg-duisburg.de\/wp-content\/uploads\/2025\/10\/Grey-Black-Minimalist-Illustrative-Cafe-Soft-Opening-Promotion-Poster-212x300.png 212w, https:\/\/tkg-duisburg.de\/wp-content\/uploads\/2025\/10\/Grey-Black-Minimalist-Illustrative-Cafe-Soft-Opening-Promotion-Poster-1086x1536.png 1086w, https:\/\/tkg-duisburg.de\/wp-content\/uploads\/2025\/10\/Grey-Black-Minimalist-Illustrative-Cafe-Soft-Opening-Promotion-Poster-1449x2048.png 1449w, https:\/\/tkg-duisburg.de\/wp-content\/uploads\/2025\/10\/Grey-Black-Minimalist-Illustrative-Cafe-Soft-Opening-Promotion-Poster.png 1588w\" sizes=\"auto, (max-width: 724px) 100vw, 724px\" \/><\/figure>\n\n\n\n<p>Seit Ende des letzten Schuljahres haben wir, die MPTs (Fachkr\u00e4fte im multiprofessionellen Team), das Elterncaf\u00e9 wieder ins Rollen gebracht. Bei Kaffee, Tee und Geb\u00e4ck kamen Eltern, Lehrerinnen und Lehrer sowie Interessierte ins Gespr\u00e4ch. Unser Ziel: Eltern miteinander zu vernetzen, den Austausch zu f\u00f6rdern und einen offenen Raum f\u00fcr Begegnung zu schaffen.<\/p>\n\n\n\n<p>Auch im neuen Schuljahr haben wir uns bereits getroffen. Neben bekannten Gesichtern durften wir auch neue Eltern begr\u00fc\u00dfen \u2013 sogar Lehrkr\u00e4fte und die Vorsitzende der Elternpflegschaft waren dabei. Gemeinsam haben wir beschlossen: Das \u201eElterncaf\u00e9\u201c tr\u00e4gt ab sofort einen neuen Namen \u2013 Elternnetzwerk TKG.<\/p>\n\n\n\n<p>K\u00fcnftig m\u00f6chten wir uns in regelm\u00e4\u00dfigen Abst\u00e4nden treffen und bei Bedarf auch externe Partner zu bestimmten Themen einladen. Erste Ideen f\u00fcr gemeinsame Aktivit\u00e4ten gibt es bereits \u2013 unter anderem f\u00fcr den Tag der offenen T\u00fcr.<\/p>\n\n\n\n<p>Der n\u00e4chste Termin steht schon fest!<\/p>\n\n\n\n<p>Wenn Sie, liebe Eltern, Teil des Elternnetzwerks TKG werden m\u00f6chten, laden wir Sie herzlich ein, vorbeizukommen. Bitte melden Sie sich kurz bei den MPTs an.<\/p>\n\n\n\n<p>Wir freuen uns auf Sie!<\/p>\n","protected":false},"excerpt":{"rendered":"<p>Seit Ende des letzten Schuljahres haben wir, die MPTs (Fachkr\u00e4fte im multiprofessionellen Team), das Elterncaf\u00e9 wieder ins Rollen gebracht. Bei Kaffee, Tee und Geb\u00e4ck kamen Eltern, Lehrerinnen und Lehrer sowie Interessierte ins Gespr\u00e4ch. Unser Ziel: Eltern miteinander zu vernetzen, den Austausch zu f\u00f6rdern und einen offenen Raum f\u00fcr Begegnung zu schaffen. Auch im neuen Schuljahr &hellip; <a href=\"https:\/\/tkg-duisburg.de\/?p=8911\" class=\"more-link\"><span class=\"screen-reader-text\">Elterncaf\u00e9 oder doch Elternnetzwerk?<\/span> weiterlesen <span class=\"meta-nav\">&rarr;<\/span><\/a><\/p>\n","protected":false},"author":5,"featured_media":0,"comment_status":"closed","ping_status":"open","sticky":false,"template":"","format":"standard","meta":{"footnotes":""},"categories":[62],"tags":[],"class_list":["post-8911","post","type-post","status-publish","format-standard","hentry","category-eltern"],"yoast_head":"<!-- This site is optimized with the Yoast SEO plugin v22.6 - https:\/\/yoast.com\/wordpress\/plugins\/seo\/ -->\n<title>Elterncaf\u00e9 oder doch Elternnetzwerk? - Theodor K\u00f6nig Gesamtschule Duisburg<\/title>\n<meta name=\"robots\" content=\"index, follow, max-snippet:-1, max-image-preview:large, max-video-preview:-1\" \/>\n<link rel=\"canonical\" href=\"https:\/\/tkg-duisburg.de\/?p=8911\" \/>\n<meta property=\"og:locale\" content=\"de_DE\" \/>\n<meta property=\"og:type\" content=\"article\" \/>\n<meta property=\"og:title\" content=\"Elterncaf\u00e9 oder doch Elternnetzwerk? - Theodor K\u00f6nig Gesamtschule Duisburg\" \/>\n<meta property=\"og:description\" content=\"Seit Ende des letzten Schuljahres haben wir, die MPTs (Fachkr\u00e4fte im multiprofessionellen Team), das Elterncaf\u00e9 wieder ins Rollen gebracht. Bei Kaffee, Tee und Geb\u00e4ck kamen Eltern, Lehrerinnen und Lehrer sowie Interessierte ins Gespr\u00e4ch. Unser Ziel: Eltern miteinander zu vernetzen, den Austausch zu f\u00f6rdern und einen offenen Raum f\u00fcr Begegnung zu schaffen. Auch im neuen Schuljahr &hellip; Elterncaf\u00e9 oder doch Elternnetzwerk? weiterlesen &rarr;\" \/>\n<meta property=\"og:url\" content=\"https:\/\/tkg-duisburg.de\/?p=8911\" \/>\n<meta property=\"og:site_name\" content=\"Theodor K\u00f6nig Gesamtschule Duisburg\" \/>\n<meta property=\"article:published_time\" content=\"2025-10-03T11:09:35+00:00\" \/>\n<meta property=\"article:modified_time\" content=\"2025-10-03T11:09:36+00:00\" \/>\n<meta property=\"og:image\" content=\"https:\/\/tkg-duisburg.de\/wp-content\/uploads\/2025\/10\/Grey-Black-Minimalist-Illustrative-Cafe-Soft-Opening-Promotion-Poster-724x1024.png\" \/>\n<meta name=\"author\" content=\"Bj\u00f6rn Becker\" \/>\n<meta name=\"twitter:card\" content=\"summary_large_image\" \/>\n<meta name=\"twitter:label1\" content=\"Verfasst von\" \/>\n\t<meta name=\"twitter:data1\" content=\"Bj\u00f6rn Becker\" \/>\n\t<meta name=\"twitter:label2\" content=\"Gesch\u00e4tzte Lesezeit\" \/>\n\t<meta name=\"twitter:data2\" content=\"2\u00a0Minuten\" \/>\n<script type=\"application\/ld+json\" class=\"yoast-schema-graph\">{\"@context\":\"https:\/\/schema.org\",\"@graph\":[{\"@type\":\"WebPage\",\"@id\":\"https:\/\/tkg-duisburg.de\/?p=8911\",\"url\":\"https:\/\/tkg-duisburg.de\/?p=8911\",\"name\":\"Elterncaf\u00e9 oder doch Elternnetzwerk? - Theodor K\u00f6nig Gesamtschule Duisburg\",\"isPartOf\":{\"@id\":\"https:\/\/tkg-duisburg.de\/#website\"},\"primaryImageOfPage\":{\"@id\":\"https:\/\/tkg-duisburg.de\/?p=8911#primaryimage\"},\"image\":{\"@id\":\"https:\/\/tkg-duisburg.de\/?p=8911#primaryimage\"},\"thumbnailUrl\":\"https:\/\/tkg-duisburg.de\/wp-content\/uploads\/2025\/10\/Grey-Black-Minimalist-Illustrative-Cafe-Soft-Opening-Promotion-Poster-724x1024.png\",\"datePublished\":\"2025-10-03T11:09:35+00:00\",\"dateModified\":\"2025-10-03T11:09:36+00:00\",\"author\":{\"@id\":\"https:\/\/tkg-duisburg.de\/#\/schema\/person\/5a5b174492de297d4b57e9a3d89564ee\"},\"breadcrumb\":{\"@id\":\"https:\/\/tkg-duisburg.de\/?p=8911#breadcrumb\"},\"inLanguage\":\"de\",\"potentialAction\":[{\"@type\":\"ReadAction\",\"target\":[\"https:\/\/tkg-duisburg.de\/?p=8911\"]}]},{\"@type\":\"ImageObject\",\"inLanguage\":\"de\",\"@id\":\"https:\/\/tkg-duisburg.de\/?p=8911#primaryimage\",\"url\":\"https:\/\/tkg-duisburg.de\/wp-content\/uploads\/2025\/10\/Grey-Black-Minimalist-Illustrative-Cafe-Soft-Opening-Promotion-Poster.png\",\"contentUrl\":\"https:\/\/tkg-duisburg.de\/wp-content\/uploads\/2025\/10\/Grey-Black-Minimalist-Illustrative-Cafe-Soft-Opening-Promotion-Poster.png\",\"width\":1588,\"height\":2245},{\"@type\":\"BreadcrumbList\",\"@id\":\"https:\/\/tkg-duisburg.de\/?p=8911#breadcrumb\",\"itemListElement\":[{\"@type\":\"ListItem\",\"position\":1,\"name\":\"Startseite\",\"item\":\"https:\/\/tkg-duisburg.de\/\"},{\"@type\":\"ListItem\",\"position\":2,\"name\":\"Elterncaf\u00e9 oder doch Elternnetzwerk?\"}]},{\"@type\":\"WebSite\",\"@id\":\"https:\/\/tkg-duisburg.de\/#website\",\"url\":\"https:\/\/tkg-duisburg.de\/\",\"name\":\"Theodor K\u00f6nig Gesamtschule Duisburg\",\"description\":\"\",\"potentialAction\":[{\"@type\":\"SearchAction\",\"target\":{\"@type\":\"EntryPoint\",\"urlTemplate\":\"https:\/\/tkg-duisburg.de\/?s={search_term_string}\"},\"query-input\":\"required name=search_term_string\"}],\"inLanguage\":\"de\"},{\"@type\":\"Person\",\"@id\":\"https:\/\/tkg-duisburg.de\/#\/schema\/person\/5a5b174492de297d4b57e9a3d89564ee\",\"name\":\"Bj\u00f6rn Becker\",\"image\":{\"@type\":\"ImageObject\",\"inLanguage\":\"de\",\"@id\":\"https:\/\/tkg-duisburg.de\/#\/schema\/person\/image\/\",\"url\":\"https:\/\/secure.gravatar.com\/avatar\/c7690b9f448fdd19e7a021d2d0201faa0dc70513a48fc7103388e3231c3056a4?s=96&d=mm&r=g\",\"contentUrl\":\"https:\/\/secure.gravatar.com\/avatar\/c7690b9f448fdd19e7a021d2d0201faa0dc70513a48fc7103388e3231c3056a4?s=96&d=mm&r=g\",\"caption\":\"Bj\u00f6rn Becker\"},\"url\":\"https:\/\/tkg-duisburg.de\/?author=5\"}]}<\/script>\n<!-- \/ Yoast SEO plugin. -->","yoast_head_json":{"title":"Elterncaf\u00e9 oder doch Elternnetzwerk? - Theodor K\u00f6nig Gesamtschule Duisburg","robots":{"index":"index","follow":"follow","max-snippet":"max-snippet:-1","max-image-preview":"max-image-preview:large","max-video-preview":"max-video-preview:-1"},"canonical":"https:\/\/tkg-duisburg.de\/?p=8911","og_locale":"de_DE","og_type":"article","og_title":"Elterncaf\u00e9 oder doch Elternnetzwerk? - Theodor K\u00f6nig Gesamtschule Duisburg","og_description":"Seit Ende des letzten Schuljahres haben wir, die MPTs (Fachkr\u00e4fte im multiprofessionellen Team), das Elterncaf\u00e9 wieder ins Rollen gebracht. Bei Kaffee, Tee und Geb\u00e4ck kamen Eltern, Lehrerinnen und Lehrer sowie Interessierte ins Gespr\u00e4ch. Unser Ziel: Eltern miteinander zu vernetzen, den Austausch zu f\u00f6rdern und einen offenen Raum f\u00fcr Begegnung zu schaffen. Auch im neuen Schuljahr &hellip; Elterncaf\u00e9 oder doch Elternnetzwerk? weiterlesen &rarr;","og_url":"https:\/\/tkg-duisburg.de\/?p=8911","og_site_name":"Theodor K\u00f6nig Gesamtschule Duisburg","article_published_time":"2025-10-03T11:09:35+00:00","article_modified_time":"2025-10-03T11:09:36+00:00","og_image":[{"url":"https:\/\/tkg-duisburg.de\/wp-content\/uploads\/2025\/10\/Grey-Black-Minimalist-Illustrative-Cafe-Soft-Opening-Promotion-Poster-724x1024.png"}],"author":"Bj\u00f6rn Becker","twitter_card":"summary_large_image","twitter_misc":{"Verfasst von":"Bj\u00f6rn Becker","Gesch\u00e4tzte Lesezeit":"2\u00a0Minuten"},"schema":{"@context":"https:\/\/schema.org","@graph":[{"@type":"WebPage","@id":"https:\/\/tkg-duisburg.de\/?p=8911","url":"https:\/\/tkg-duisburg.de\/?p=8911","name":"Elterncaf\u00e9 oder doch Elternnetzwerk? - Theodor K\u00f6nig Gesamtschule Duisburg","isPartOf":{"@id":"https:\/\/tkg-duisburg.de\/#website"},"primaryImageOfPage":{"@id":"https:\/\/tkg-duisburg.de\/?p=8911#primaryimage"},"image":{"@id":"https:\/\/tkg-duisburg.de\/?p=8911#primaryimage"},"thumbnailUrl":"https:\/\/tkg-duisburg.de\/wp-content\/uploads\/2025\/10\/Grey-Black-Minimalist-Illustrative-Cafe-Soft-Opening-Promotion-Poster-724x1024.png","datePublished":"2025-10-03T11:09:35+00:00","dateModified":"2025-10-03T11:09:36+00:00","author":{"@id":"https:\/\/tkg-duisburg.de\/#\/schema\/person\/5a5b174492de297d4b57e9a3d89564ee"},"breadcrumb":{"@id":"https:\/\/tkg-duisburg.de\/?p=8911#breadcrumb"},"inLanguage":"de","potentialAction":[{"@type":"ReadAction","target":["https:\/\/tkg-duisburg.de\/?p=8911"]}]},{"@type":"ImageObject","inLanguage":"de","@id":"https:\/\/tkg-duisburg.de\/?p=8911#primaryimage","url":"https:\/\/tkg-duisburg.de\/wp-content\/uploads\/2025\/10\/Grey-Black-Minimalist-Illustrative-Cafe-Soft-Opening-Promotion-Poster.png","contentUrl":"https:\/\/tkg-duisburg.de\/wp-content\/uploads\/2025\/10\/Grey-Black-Minimalist-Illustrative-Cafe-Soft-Opening-Promotion-Poster.png","width":1588,"height":2245},{"@type":"BreadcrumbList","@id":"https:\/\/tkg-duisburg.de\/?p=8911#breadcrumb","itemListElement":[{"@type":"ListItem","position":1,"name":"Startseite","item":"https:\/\/tkg-duisburg.de\/"},{"@type":"ListItem","position":2,"name":"Elterncaf\u00e9 oder doch Elternnetzwerk?"}]},{"@type":"WebSite","@id":"https:\/\/tkg-duisburg.de\/#website","url":"https:\/\/tkg-duisburg.de\/","name":"Theodor K\u00f6nig Gesamtschule Duisburg","description":"","potentialAction":[{"@type":"SearchAction","target":{"@type":"EntryPoint","urlTemplate":"https:\/\/tkg-duisburg.de\/?s={search_term_string}"},"query-input":"required name=search_term_string"}],"inLanguage":"de"},{"@type":"Person","@id":"https:\/\/tkg-duisburg.de\/#\/schema\/person\/5a5b174492de297d4b57e9a3d89564ee","name":"Bj\u00f6rn Becker","image":{"@type":"ImageObject","inLanguage":"de","@id":"https:\/\/tkg-duisburg.de\/#\/schema\/person\/image\/","url":"https:\/\/secure.gravatar.com\/avatar\/c7690b9f448fdd19e7a021d2d0201faa0dc70513a48fc7103388e3231c3056a4?s=96&d=mm&r=g","contentUrl":"https:\/\/secure.gravatar.com\/avatar\/c7690b9f448fdd19e7a021d2d0201faa0dc70513a48fc7103388e3231c3056a4?s=96&d=mm&r=g","caption":"Bj\u00f6rn Becker"},"url":"https:\/\/tkg-duisburg.de\/?author=5"}]}},"_links":{"self":[{"href":"https:\/\/tkg-duisburg.de\/index.php?rest_route=\/wp\/v2\/posts\/8911","targetHints":{"allow":["GET"]}}],"collection":[{"href":"https:\/\/tkg-duisburg.de\/index.php?rest_route=\/wp\/v2\/posts"}],"about":[{"href":"https:\/\/tkg-duisburg.de\/index.php?rest_route=\/wp\/v2\/types\/post"}],"author":[{"embeddable":true,"href":"https:\/\/tkg-duisburg.de\/index.php?rest_route=\/wp\/v2\/users\/5"}],"replies":[{"embeddable":true,"href":"https:\/\/tkg-duisburg.de\/index.php?rest_route=%2Fwp%2Fv2%2Fcomments&post=8911"}],"version-history":[{"count":1,"href":"https:\/\/tkg-duisburg.de\/index.php?rest_route=\/wp\/v2\/posts\/8911\/revisions"}],"predecessor-version":[{"id":8913,"href":"https:\/\/tkg-duisburg.de\/index.php?rest_route=\/wp\/v2\/posts\/8911\/revisions\/8913"}],"wp:attachment":[{"href":"https:\/\/tkg-duisburg.de\/index.php?rest_route=%2Fwp%2Fv2%2Fmedia&parent=8911"}],"wp:term":[{"taxonomy":"category","embeddable":true,"href":"https:\/\/tkg-duisburg.de\/index.php?rest_route=%2Fwp%2Fv2%2Fcategories&post=8911"},{"taxonomy":"post_tag","embeddable":true,"href":"https:\/\/tkg-duisburg.de\/index.php?rest_route=%2Fwp%2Fv2%2Ftags&post=8911"}],"curies":[{"name":"wp","href":"https:\/\/api.w.org\/{rel}","templated":true}]}}