{"id":8927,"date":"2025-10-07T21:02:26","date_gmt":"2025-10-07T19:02:26","guid":{"rendered":"https:\/\/tkg-duisburg.de\/?p=8927"},"modified":"2025-10-07T21:02:28","modified_gmt":"2025-10-07T19:02:28","slug":"bot-fuer-unseren-jahrgang-7","status":"publish","type":"post","link":"https:\/\/tkg-duisburg.de\/?p=8927","title":{"rendered":"BOT f\u00fcr\u00a0unseren\u00a0Jahrgang 7"},"content":{"rendered":"\n<p>Am 25. und 26.09.2025 konnte bereits zum dritten Mal-\u00a0dank\u00a0<strong><em>des Technikzentrums Minden-L\u00fcbbecke e.V.<\/em><\/strong>\u00a0\u2013 in\u00a0unserem\u00a0Jahrgang 7 das BOT (Berufsorientierungstraining)\u00a0durchgef\u00fchrt werden.\u00a0<br><\/p>\n\n\n\n<figure class=\"wp-block-image size-large\"><img loading=\"lazy\" decoding=\"async\" width=\"1024\" height=\"768\" src=\"https:\/\/tkg-duisburg.de\/wp-content\/uploads\/2025\/10\/IMG-20250926-WA0017-1024x768.jpg\" alt=\"\" class=\"wp-image-8935\" srcset=\"https:\/\/tkg-duisburg.de\/wp-content\/uploads\/2025\/10\/IMG-20250926-WA0017-1024x768.jpg 1024w, https:\/\/tkg-duisburg.de\/wp-content\/uploads\/2025\/10\/IMG-20250926-WA0017-300x225.jpg 300w, https:\/\/tkg-duisburg.de\/wp-content\/uploads\/2025\/10\/IMG-20250926-WA0017-1536x1152.jpg 1536w, https:\/\/tkg-duisburg.de\/wp-content\/uploads\/2025\/10\/IMG-20250926-WA0017.jpg 2048w\" sizes=\"auto, (max-width: 1024px) 100vw, 1024px\" \/><\/figure>\n\n\n\n<!--more-->\n\n\n\n<p>Gut 150 Sch\u00fclerInnen konnten an verschiedenen Stationen ihre Talente testen, pers\u00f6nliche Interessen entdecken und vertiefen und wurden so \u201espielerisch\u201c f\u00fcr praktische berufliche T\u00e4tigkeiten sensibilisiert.<\/p>\n\n\n\n<p>Tische eindecken, ein Dach bauen, Handt\u00fccher verpacken u.v.m. musste von den Sch\u00fclerInnen bew\u00e4ltigt werden. Es war spannend zu erleben, wie&nbsp;ruhig und&nbsp;hochkonzentriert unser durchaus quirliger Jahrgang 7&nbsp;die Aufgaben erledigte, versuchte das individuell beste Ergebnis zu erreichen und sich \u00fcber das positive Feedback der MitarbeiterInnen freute.<\/p>\n\n\n\n<p>Ein ganz herzliches Danke geht auch an die Sch\u00fclerInnen der Q 1 und Q 2, die f\u00fcr das leibliche Wohl unserer G\u00e4ste sorgte.<\/p>\n\n\n\n<p>Wir danken dem TZM, den&nbsp;ModeratorenInnen&nbsp;vor Ort&nbsp;f\u00fcr diese Veranstaltung und freuen uns schon auf die Wiederauflage im Schuljahr 2026\/27.<\/p>\n\n\n\n<figure class=\"wp-block-gallery has-nested-images columns-default is-cropped wp-block-gallery-1 is-layout-flex wp-block-gallery-is-layout-flex\">\n<figure class=\"wp-block-image size-large\"><img loading=\"lazy\" decoding=\"async\" width=\"1024\" height=\"768\" data-id=\"8928\" src=\"https:\/\/tkg-duisburg.de\/wp-content\/uploads\/2025\/10\/IMG-20250926-WA0015-1024x768.jpg\" alt=\"\" class=\"wp-image-8928\" srcset=\"https:\/\/tkg-duisburg.de\/wp-content\/uploads\/2025\/10\/IMG-20250926-WA0015-1024x768.jpg 1024w, https:\/\/tkg-duisburg.de\/wp-content\/uploads\/2025\/10\/IMG-20250926-WA0015-300x225.jpg 300w, https:\/\/tkg-duisburg.de\/wp-content\/uploads\/2025\/10\/IMG-20250926-WA0015-1536x1152.jpg 1536w, https:\/\/tkg-duisburg.de\/wp-content\/uploads\/2025\/10\/IMG-20250926-WA0015-rotated.jpg 2048w\" sizes=\"auto, (max-width: 1024px) 100vw, 1024px\" \/><\/figure>\n\n\n\n<figure class=\"wp-block-image size-large\"><img loading=\"lazy\" decoding=\"async\" width=\"1024\" height=\"768\" data-id=\"8929\" src=\"https:\/\/tkg-duisburg.de\/wp-content\/uploads\/2025\/10\/IMG-20250926-WA0019-1024x768.jpg\" alt=\"\" class=\"wp-image-8929\" srcset=\"https:\/\/tkg-duisburg.de\/wp-content\/uploads\/2025\/10\/IMG-20250926-WA0019-1024x768.jpg 1024w, https:\/\/tkg-duisburg.de\/wp-content\/uploads\/2025\/10\/IMG-20250926-WA0019-300x225.jpg 300w, https:\/\/tkg-duisburg.de\/wp-content\/uploads\/2025\/10\/IMG-20250926-WA0019-1536x1152.jpg 1536w, https:\/\/tkg-duisburg.de\/wp-content\/uploads\/2025\/10\/IMG-20250926-WA0019.jpg 2048w\" sizes=\"auto, (max-width: 1024px) 100vw, 1024px\" \/><\/figure>\n\n\n\n<figure class=\"wp-block-image size-large\"><img loading=\"lazy\" decoding=\"async\" width=\"768\" height=\"1024\" data-id=\"8930\" src=\"https:\/\/tkg-duisburg.de\/wp-content\/uploads\/2025\/10\/20250925_083152-768x1024.jpg\" alt=\"\" class=\"wp-image-8930\" srcset=\"https:\/\/tkg-duisburg.de\/wp-content\/uploads\/2025\/10\/20250925_083152-768x1024.jpg 768w, https:\/\/tkg-duisburg.de\/wp-content\/uploads\/2025\/10\/20250925_083152-225x300.jpg 225w, https:\/\/tkg-duisburg.de\/wp-content\/uploads\/2025\/10\/20250925_083152-150x200.jpg 150w, https:\/\/tkg-duisburg.de\/wp-content\/uploads\/2025\/10\/20250925_083152-1152x1536.jpg 1152w, https:\/\/tkg-duisburg.de\/wp-content\/uploads\/2025\/10\/20250925_083152-1536x2048.jpg 1536w, https:\/\/tkg-duisburg.de\/wp-content\/uploads\/2025\/10\/20250925_083152-scaled.jpg 1920w\" sizes=\"auto, (max-width: 768px) 100vw, 768px\" \/><\/figure>\n\n\n\n<figure class=\"wp-block-image size-large\"><img loading=\"lazy\" decoding=\"async\" width=\"768\" height=\"1024\" data-id=\"8932\" src=\"https:\/\/tkg-duisburg.de\/wp-content\/uploads\/2025\/10\/20250925_082325-768x1024.jpg\" alt=\"\" class=\"wp-image-8932\" srcset=\"https:\/\/tkg-duisburg.de\/wp-content\/uploads\/2025\/10\/20250925_082325-768x1024.jpg 768w, https:\/\/tkg-duisburg.de\/wp-content\/uploads\/2025\/10\/20250925_082325-225x300.jpg 225w, https:\/\/tkg-duisburg.de\/wp-content\/uploads\/2025\/10\/20250925_082325-150x200.jpg 150w, https:\/\/tkg-duisburg.de\/wp-content\/uploads\/2025\/10\/20250925_082325-1152x1536.jpg 1152w, https:\/\/tkg-duisburg.de\/wp-content\/uploads\/2025\/10\/20250925_082325-1536x2048.jpg 1536w, https:\/\/tkg-duisburg.de\/wp-content\/uploads\/2025\/10\/20250925_082325-scaled.jpg 1920w\" sizes=\"auto, (max-width: 768px) 100vw, 768px\" \/><\/figure>\n\n\n\n<figure class=\"wp-block-image size-large\"><img loading=\"lazy\" decoding=\"async\" width=\"768\" height=\"1024\" data-id=\"8931\" src=\"https:\/\/tkg-duisburg.de\/wp-content\/uploads\/2025\/10\/IMG-20250926-WA0004-768x1024.jpg\" alt=\"\" class=\"wp-image-8931\" srcset=\"https:\/\/tkg-duisburg.de\/wp-content\/uploads\/2025\/10\/IMG-20250926-WA0004-768x1024.jpg 768w, https:\/\/tkg-duisburg.de\/wp-content\/uploads\/2025\/10\/IMG-20250926-WA0004-225x300.jpg 225w, https:\/\/tkg-duisburg.de\/wp-content\/uploads\/2025\/10\/IMG-20250926-WA0004-150x200.jpg 150w, https:\/\/tkg-duisburg.de\/wp-content\/uploads\/2025\/10\/IMG-20250926-WA0004-1152x1536.jpg 1152w, https:\/\/tkg-duisburg.de\/wp-content\/uploads\/2025\/10\/IMG-20250926-WA0004.jpg 1536w\" sizes=\"auto, (max-width: 768px) 100vw, 768px\" \/><\/figure>\n\n\n\n<figure class=\"wp-block-image size-large\"><img loading=\"lazy\" decoding=\"async\" width=\"768\" height=\"1024\" data-id=\"8934\" src=\"https:\/\/tkg-duisburg.de\/wp-content\/uploads\/2025\/10\/20250925_083431-768x1024.jpg\" alt=\"\" class=\"wp-image-8934\" srcset=\"https:\/\/tkg-duisburg.de\/wp-content\/uploads\/2025\/10\/20250925_083431-768x1024.jpg 768w, https:\/\/tkg-duisburg.de\/wp-content\/uploads\/2025\/10\/20250925_083431-225x300.jpg 225w, https:\/\/tkg-duisburg.de\/wp-content\/uploads\/2025\/10\/20250925_083431-150x200.jpg 150w, https:\/\/tkg-duisburg.de\/wp-content\/uploads\/2025\/10\/20250925_083431-1152x1536.jpg 1152w, https:\/\/tkg-duisburg.de\/wp-content\/uploads\/2025\/10\/20250925_083431-1536x2048.jpg 1536w, https:\/\/tkg-duisburg.de\/wp-content\/uploads\/2025\/10\/20250925_083431-scaled.jpg 1920w\" sizes=\"auto, (max-width: 768px) 100vw, 768px\" \/><\/figure>\n\n\n\n<figure class=\"wp-block-image size-large\"><img loading=\"lazy\" decoding=\"async\" width=\"768\" height=\"1024\" data-id=\"8933\" src=\"https:\/\/tkg-duisburg.de\/wp-content\/uploads\/2025\/10\/IMG-20250926-WA0010-768x1024.jpg\" alt=\"\" class=\"wp-image-8933\" srcset=\"https:\/\/tkg-duisburg.de\/wp-content\/uploads\/2025\/10\/IMG-20250926-WA0010-768x1024.jpg 768w, https:\/\/tkg-duisburg.de\/wp-content\/uploads\/2025\/10\/IMG-20250926-WA0010-225x300.jpg 225w, https:\/\/tkg-duisburg.de\/wp-content\/uploads\/2025\/10\/IMG-20250926-WA0010-150x200.jpg 150w, https:\/\/tkg-duisburg.de\/wp-content\/uploads\/2025\/10\/IMG-20250926-WA0010-1152x1536.jpg 1152w, https:\/\/tkg-duisburg.de\/wp-content\/uploads\/2025\/10\/IMG-20250926-WA0010.jpg 1536w\" sizes=\"auto, (max-width: 768px) 100vw, 768px\" \/><\/figure>\n<\/figure>\n","protected":false},"excerpt":{"rendered":"<p>Am 25. und 26.09.2025 konnte bereits zum dritten Mal-\u00a0dank\u00a0des Technikzentrums Minden-L\u00fcbbecke e.V.\u00a0\u2013 in\u00a0unserem\u00a0Jahrgang 7 das BOT (Berufsorientierungstraining)\u00a0durchgef\u00fchrt werden.\u00a0<\/p>\n","protected":false},"author":5,"featured_media":0,"comment_status":"closed","ping_status":"open","sticky":false,"template":"","format":"standard","meta":{"footnotes":""},"categories":[48,37,78],"tags":[],"class_list":["post-8927","post","type-post","status-publish","format-standard","hentry","category-berufsvorbereitung","category-externe-kooperation","category-jahrgang-7"],"yoast_head":"<!-- This site is optimized with the Yoast SEO plugin v22.6 - https:\/\/yoast.com\/wordpress\/plugins\/seo\/ -->\n<title>BOT f\u00fcr\u00a0unseren\u00a0Jahrgang 7 - Theodor K\u00f6nig Gesamtschule Duisburg<\/title>\n<meta name=\"robots\" content=\"index, follow, max-snippet:-1, max-image-preview:large, max-video-preview:-1\" \/>\n<link rel=\"canonical\" href=\"https:\/\/tkg-duisburg.de\/?p=8927\" \/>\n<meta property=\"og:locale\" content=\"de_DE\" \/>\n<meta property=\"og:type\" content=\"article\" \/>\n<meta property=\"og:title\" content=\"BOT f\u00fcr\u00a0unseren\u00a0Jahrgang 7 - Theodor K\u00f6nig Gesamtschule Duisburg\" \/>\n<meta property=\"og:description\" content=\"Am 25. und 26.09.2025 konnte bereits zum dritten Mal-\u00a0dank\u00a0des Technikzentrums Minden-L\u00fcbbecke e.V.\u00a0\u2013 in\u00a0unserem\u00a0Jahrgang 7 das BOT (Berufsorientierungstraining)\u00a0durchgef\u00fchrt werden.\u00a0\" \/>\n<meta property=\"og:url\" content=\"https:\/\/tkg-duisburg.de\/?p=8927\" \/>\n<meta property=\"og:site_name\" content=\"Theodor K\u00f6nig Gesamtschule Duisburg\" \/>\n<meta property=\"article:published_time\" content=\"2025-10-07T19:02:26+00:00\" \/>\n<meta property=\"article:modified_time\" content=\"2025-10-07T19:02:28+00:00\" \/>\n<meta property=\"og:image\" content=\"https:\/\/tkg-duisburg.de\/wp-content\/uploads\/2025\/10\/IMG-20250926-WA0017-1024x768.jpg\" \/>\n<meta name=\"author\" content=\"Bj\u00f6rn Becker\" \/>\n<meta name=\"twitter:card\" content=\"summary_large_image\" \/>\n<meta name=\"twitter:label1\" content=\"Verfasst von\" \/>\n\t<meta name=\"twitter:data1\" content=\"Bj\u00f6rn Becker\" \/>\n\t<meta name=\"twitter:label2\" content=\"Gesch\u00e4tzte Lesezeit\" \/>\n\t<meta name=\"twitter:data2\" content=\"3\u00a0Minuten\" \/>\n<script type=\"application\/ld+json\" class=\"yoast-schema-graph\">{\"@context\":\"https:\/\/schema.org\",\"@graph\":[{\"@type\":\"WebPage\",\"@id\":\"https:\/\/tkg-duisburg.de\/?p=8927\",\"url\":\"https:\/\/tkg-duisburg.de\/?p=8927\",\"name\":\"BOT f\u00fcr\u00a0unseren\u00a0Jahrgang 7 - Theodor K\u00f6nig Gesamtschule Duisburg\",\"isPartOf\":{\"@id\":\"https:\/\/tkg-duisburg.de\/#website\"},\"primaryImageOfPage\":{\"@id\":\"https:\/\/tkg-duisburg.de\/?p=8927#primaryimage\"},\"image\":{\"@id\":\"https:\/\/tkg-duisburg.de\/?p=8927#primaryimage\"},\"thumbnailUrl\":\"https:\/\/tkg-duisburg.de\/wp-content\/uploads\/2025\/10\/IMG-20250926-WA0017-1024x768.jpg\",\"datePublished\":\"2025-10-07T19:02:26+00:00\",\"dateModified\":\"2025-10-07T19:02:28+00:00\",\"author\":{\"@id\":\"https:\/\/tkg-duisburg.de\/#\/schema\/person\/5a5b174492de297d4b57e9a3d89564ee\"},\"breadcrumb\":{\"@id\":\"https:\/\/tkg-duisburg.de\/?p=8927#breadcrumb\"},\"inLanguage\":\"de\",\"potentialAction\":[{\"@type\":\"ReadAction\",\"target\":[\"https:\/\/tkg-duisburg.de\/?p=8927\"]}]},{\"@type\":\"ImageObject\",\"inLanguage\":\"de\",\"@id\":\"https:\/\/tkg-duisburg.de\/?p=8927#primaryimage\",\"url\":\"https:\/\/tkg-duisburg.de\/wp-content\/uploads\/2025\/10\/IMG-20250926-WA0017.jpg\",\"contentUrl\":\"https:\/\/tkg-duisburg.de\/wp-content\/uploads\/2025\/10\/IMG-20250926-WA0017.jpg\",\"width\":2048,\"height\":1536},{\"@type\":\"BreadcrumbList\",\"@id\":\"https:\/\/tkg-duisburg.de\/?p=8927#breadcrumb\",\"itemListElement\":[{\"@type\":\"ListItem\",\"position\":1,\"name\":\"Startseite\",\"item\":\"https:\/\/tkg-duisburg.de\/\"},{\"@type\":\"ListItem\",\"position\":2,\"name\":\"BOT f\u00fcr\u00a0unseren\u00a0Jahrgang 7\"}]},{\"@type\":\"WebSite\",\"@id\":\"https:\/\/tkg-duisburg.de\/#website\",\"url\":\"https:\/\/tkg-duisburg.de\/\",\"name\":\"Theodor K\u00f6nig Gesamtschule Duisburg\",\"description\":\"\",\"potentialAction\":[{\"@type\":\"SearchAction\",\"target\":{\"@type\":\"EntryPoint\",\"urlTemplate\":\"https:\/\/tkg-duisburg.de\/?s={search_term_string}\"},\"query-input\":\"required name=search_term_string\"}],\"inLanguage\":\"de\"},{\"@type\":\"Person\",\"@id\":\"https:\/\/tkg-duisburg.de\/#\/schema\/person\/5a5b174492de297d4b57e9a3d89564ee\",\"name\":\"Bj\u00f6rn Becker\",\"image\":{\"@type\":\"ImageObject\",\"inLanguage\":\"de\",\"@id\":\"https:\/\/tkg-duisburg.de\/#\/schema\/person\/image\/\",\"url\":\"https:\/\/secure.gravatar.com\/avatar\/c7690b9f448fdd19e7a021d2d0201faa0dc70513a48fc7103388e3231c3056a4?s=96&d=mm&r=g\",\"contentUrl\":\"https:\/\/secure.gravatar.com\/avatar\/c7690b9f448fdd19e7a021d2d0201faa0dc70513a48fc7103388e3231c3056a4?s=96&d=mm&r=g\",\"caption\":\"Bj\u00f6rn Becker\"},\"url\":\"https:\/\/tkg-duisburg.de\/?author=5\"}]}<\/script>\n<!-- \/ Yoast SEO plugin. -->","yoast_head_json":{"title":"BOT f\u00fcr\u00a0unseren\u00a0Jahrgang 7 - Theodor K\u00f6nig Gesamtschule Duisburg","robots":{"index":"index","follow":"follow","max-snippet":"max-snippet:-1","max-image-preview":"max-image-preview:large","max-video-preview":"max-video-preview:-1"},"canonical":"https:\/\/tkg-duisburg.de\/?p=8927","og_locale":"de_DE","og_type":"article","og_title":"BOT f\u00fcr\u00a0unseren\u00a0Jahrgang 7 - Theodor K\u00f6nig Gesamtschule Duisburg","og_description":"Am 25. und 26.09.2025 konnte bereits zum dritten Mal-\u00a0dank\u00a0des Technikzentrums Minden-L\u00fcbbecke e.V.\u00a0\u2013 in\u00a0unserem\u00a0Jahrgang 7 das BOT (Berufsorientierungstraining)\u00a0durchgef\u00fchrt werden.\u00a0","og_url":"https:\/\/tkg-duisburg.de\/?p=8927","og_site_name":"Theodor K\u00f6nig Gesamtschule Duisburg","article_published_time":"2025-10-07T19:02:26+00:00","article_modified_time":"2025-10-07T19:02:28+00:00","og_image":[{"url":"https:\/\/tkg-duisburg.de\/wp-content\/uploads\/2025\/10\/IMG-20250926-WA0017-1024x768.jpg"}],"author":"Bj\u00f6rn Becker","twitter_card":"summary_large_image","twitter_misc":{"Verfasst von":"Bj\u00f6rn Becker","Gesch\u00e4tzte Lesezeit":"3\u00a0Minuten"},"schema":{"@context":"https:\/\/schema.org","@graph":[{"@type":"WebPage","@id":"https:\/\/tkg-duisburg.de\/?p=8927","url":"https:\/\/tkg-duisburg.de\/?p=8927","name":"BOT f\u00fcr\u00a0unseren\u00a0Jahrgang 7 - Theodor K\u00f6nig Gesamtschule Duisburg","isPartOf":{"@id":"https:\/\/tkg-duisburg.de\/#website"},"primaryImageOfPage":{"@id":"https:\/\/tkg-duisburg.de\/?p=8927#primaryimage"},"image":{"@id":"https:\/\/tkg-duisburg.de\/?p=8927#primaryimage"},"thumbnailUrl":"https:\/\/tkg-duisburg.de\/wp-content\/uploads\/2025\/10\/IMG-20250926-WA0017-1024x768.jpg","datePublished":"2025-10-07T19:02:26+00:00","dateModified":"2025-10-07T19:02:28+00:00","author":{"@id":"https:\/\/tkg-duisburg.de\/#\/schema\/person\/5a5b174492de297d4b57e9a3d89564ee"},"breadcrumb":{"@id":"https:\/\/tkg-duisburg.de\/?p=8927#breadcrumb"},"inLanguage":"de","potentialAction":[{"@type":"ReadAction","target":["https:\/\/tkg-duisburg.de\/?p=8927"]}]},{"@type":"ImageObject","inLanguage":"de","@id":"https:\/\/tkg-duisburg.de\/?p=8927#primaryimage","url":"https:\/\/tkg-duisburg.de\/wp-content\/uploads\/2025\/10\/IMG-20250926-WA0017.jpg","contentUrl":"https:\/\/tkg-duisburg.de\/wp-content\/uploads\/2025\/10\/IMG-20250926-WA0017.jpg","width":2048,"height":1536},{"@type":"BreadcrumbList","@id":"https:\/\/tkg-duisburg.de\/?p=8927#breadcrumb","itemListElement":[{"@type":"ListItem","position":1,"name":"Startseite","item":"https:\/\/tkg-duisburg.de\/"},{"@type":"ListItem","position":2,"name":"BOT f\u00fcr\u00a0unseren\u00a0Jahrgang 7"}]},{"@type":"WebSite","@id":"https:\/\/tkg-duisburg.de\/#website","url":"https:\/\/tkg-duisburg.de\/","name":"Theodor K\u00f6nig Gesamtschule Duisburg","description":"","potentialAction":[{"@type":"SearchAction","target":{"@type":"EntryPoint","urlTemplate":"https:\/\/tkg-duisburg.de\/?s={search_term_string}"},"query-input":"required name=search_term_string"}],"inLanguage":"de"},{"@type":"Person","@id":"https:\/\/tkg-duisburg.de\/#\/schema\/person\/5a5b174492de297d4b57e9a3d89564ee","name":"Bj\u00f6rn Becker","image":{"@type":"ImageObject","inLanguage":"de","@id":"https:\/\/tkg-duisburg.de\/#\/schema\/person\/image\/","url":"https:\/\/secure.gravatar.com\/avatar\/c7690b9f448fdd19e7a021d2d0201faa0dc70513a48fc7103388e3231c3056a4?s=96&d=mm&r=g","contentUrl":"https:\/\/secure.gravatar.com\/avatar\/c7690b9f448fdd19e7a021d2d0201faa0dc70513a48fc7103388e3231c3056a4?s=96&d=mm&r=g","caption":"Bj\u00f6rn Becker"},"url":"https:\/\/tkg-duisburg.de\/?author=5"}]}},"_links":{"self":[{"href":"https:\/\/tkg-duisburg.de\/index.php?rest_route=\/wp\/v2\/posts\/8927","targetHints":{"allow":["GET"]}}],"collection":[{"href":"https:\/\/tkg-duisburg.de\/index.php?rest_route=\/wp\/v2\/posts"}],"about":[{"href":"https:\/\/tkg-duisburg.de\/index.php?rest_route=\/wp\/v2\/types\/post"}],"author":[{"embeddable":true,"href":"https:\/\/tkg-duisburg.de\/index.php?rest_route=\/wp\/v2\/users\/5"}],"replies":[{"embeddable":true,"href":"https:\/\/tkg-duisburg.de\/index.php?rest_route=%2Fwp%2Fv2%2Fcomments&post=8927"}],"version-history":[{"count":1,"href":"https:\/\/tkg-duisburg.de\/index.php?rest_route=\/wp\/v2\/posts\/8927\/revisions"}],"predecessor-version":[{"id":8936,"href":"https:\/\/tkg-duisburg.de\/index.php?rest_route=\/wp\/v2\/posts\/8927\/revisions\/8936"}],"wp:attachment":[{"href":"https:\/\/tkg-duisburg.de\/index.php?rest_route=%2Fwp%2Fv2%2Fmedia&parent=8927"}],"wp:term":[{"taxonomy":"category","embeddable":true,"href":"https:\/\/tkg-duisburg.de\/index.php?rest_route=%2Fwp%2Fv2%2Fcategories&post=8927"},{"taxonomy":"post_tag","embeddable":true,"href":"https:\/\/tkg-duisburg.de\/index.php?rest_route=%2Fwp%2Fv2%2Ftags&post=8927"}],"curies":[{"name":"wp","href":"https:\/\/api.w.org\/{rel}","templated":true}]}}