{"id":8978,"date":"2025-12-17T14:16:10","date_gmt":"2025-12-17T12:16:10","guid":{"rendered":"https:\/\/tkg-duisburg.de\/?p=8978"},"modified":"2025-12-17T14:16:11","modified_gmt":"2025-12-17T12:16:11","slug":"tag-der-pflege-03-11-2025","status":"publish","type":"post","link":"https:\/\/tkg-duisburg.de\/?p=8978","title":{"rendered":"Tag der Pflege &#8211; 03.11.2025"},"content":{"rendered":"\n<p>&nbsp;Der Pflegetag beim BIZ war wie eine kleine Berufsmesse rund um den Pflegeberuf. An verschiedenen Stationen konnten wir selbst ausprobieren, was man in der Pflege macht. Wir haben gelernt, wie man sich die H\u00e4nde richtig desinfiziert, welche Schritte bei der Ersten Hilfe wichtig sind und sogar, wie man Babys richtig wickelt.<\/p>\n\n\n\n<p>Auszubildende und Mitarbeiter haben uns alles erkl\u00e4rt und unsere Fragen freundlich beantwortet. Dadurch haben wir einen guten Eindruck bekommen, wie vielseitig und spannend der Pflegeberuf wirklich ist.<\/p>\n\n\n\n<figure class=\"wp-block-image size-large\"><img loading=\"lazy\" decoding=\"async\" width=\"1024\" height=\"1024\" src=\"https:\/\/tkg-duisburg.de\/wp-content\/uploads\/2025\/12\/tag-der-pflege-1024x1024.jpg\" alt=\"\" class=\"wp-image-8979\" srcset=\"https:\/\/tkg-duisburg.de\/wp-content\/uploads\/2025\/12\/tag-der-pflege-1024x1024.jpg 1024w, https:\/\/tkg-duisburg.de\/wp-content\/uploads\/2025\/12\/tag-der-pflege-300x300.jpg 300w, https:\/\/tkg-duisburg.de\/wp-content\/uploads\/2025\/12\/tag-der-pflege-1536x1536.jpg 1536w, https:\/\/tkg-duisburg.de\/wp-content\/uploads\/2025\/12\/tag-der-pflege-2048x2048.jpg 2048w\" sizes=\"auto, (max-width: 1024px) 100vw, 1024px\" \/><\/figure>\n\n\n\n<p>Holly-Tyra Reed (10d)<\/p>\n\n\n\n<p><\/p>\n","protected":false},"excerpt":{"rendered":"<p>&nbsp;Der Pflegetag beim BIZ war wie eine kleine Berufsmesse rund um den Pflegeberuf. An verschiedenen Stationen konnten wir selbst ausprobieren, was man in der Pflege macht. Wir haben gelernt, wie man sich die H\u00e4nde richtig desinfiziert, welche Schritte bei der Ersten Hilfe wichtig sind und sogar, wie man Babys richtig wickelt. Auszubildende und Mitarbeiter haben &hellip; <a href=\"https:\/\/tkg-duisburg.de\/?p=8978\" class=\"more-link\"><span class=\"screen-reader-text\">Tag der Pflege &#8211; 03.11.2025<\/span> weiterlesen <span class=\"meta-nav\">&rarr;<\/span><\/a><\/p>\n","protected":false},"author":5,"featured_media":0,"comment_status":"closed","ping_status":"open","sticky":false,"template":"","format":"standard","meta":{"footnotes":""},"categories":[31,48],"tags":[],"class_list":["post-8978","post","type-post","status-publish","format-standard","hentry","category-ausserschulisches-lernen","category-berufsvorbereitung"],"yoast_head":"<!-- This site is optimized with the Yoast SEO plugin v22.6 - https:\/\/yoast.com\/wordpress\/plugins\/seo\/ -->\n<title>Tag der Pflege - 03.11.2025 - Theodor K\u00f6nig Gesamtschule Duisburg<\/title>\n<meta name=\"robots\" content=\"index, follow, max-snippet:-1, max-image-preview:large, max-video-preview:-1\" \/>\n<link rel=\"canonical\" href=\"https:\/\/tkg-duisburg.de\/?p=8978\" \/>\n<meta property=\"og:locale\" content=\"de_DE\" \/>\n<meta property=\"og:type\" content=\"article\" \/>\n<meta property=\"og:title\" content=\"Tag der Pflege - 03.11.2025 - Theodor K\u00f6nig Gesamtschule Duisburg\" \/>\n<meta property=\"og:description\" content=\"&nbsp;Der Pflegetag beim BIZ war wie eine kleine Berufsmesse rund um den Pflegeberuf. An verschiedenen Stationen konnten wir selbst ausprobieren, was man in der Pflege macht. Wir haben gelernt, wie man sich die H\u00e4nde richtig desinfiziert, welche Schritte bei der Ersten Hilfe wichtig sind und sogar, wie man Babys richtig wickelt. Auszubildende und Mitarbeiter haben &hellip; Tag der Pflege &#8211; 03.11.2025 weiterlesen &rarr;\" \/>\n<meta property=\"og:url\" content=\"https:\/\/tkg-duisburg.de\/?p=8978\" \/>\n<meta property=\"og:site_name\" content=\"Theodor K\u00f6nig Gesamtschule Duisburg\" \/>\n<meta property=\"article:published_time\" content=\"2025-12-17T12:16:10+00:00\" \/>\n<meta property=\"article:modified_time\" content=\"2025-12-17T12:16:11+00:00\" \/>\n<meta property=\"og:image\" content=\"https:\/\/tkg-duisburg.de\/wp-content\/uploads\/2025\/12\/tag-der-pflege-1024x1024.jpg\" \/>\n<meta name=\"author\" content=\"Bj\u00f6rn Becker\" \/>\n<meta name=\"twitter:card\" content=\"summary_large_image\" \/>\n<meta name=\"twitter:label1\" content=\"Verfasst von\" \/>\n\t<meta name=\"twitter:data1\" content=\"Bj\u00f6rn Becker\" \/>\n\t<meta name=\"twitter:label2\" content=\"Gesch\u00e4tzte Lesezeit\" \/>\n\t<meta name=\"twitter:data2\" content=\"1\u00a0Minute\" \/>\n<script type=\"application\/ld+json\" class=\"yoast-schema-graph\">{\"@context\":\"https:\/\/schema.org\",\"@graph\":[{\"@type\":\"WebPage\",\"@id\":\"https:\/\/tkg-duisburg.de\/?p=8978\",\"url\":\"https:\/\/tkg-duisburg.de\/?p=8978\",\"name\":\"Tag der Pflege - 03.11.2025 - Theodor K\u00f6nig Gesamtschule Duisburg\",\"isPartOf\":{\"@id\":\"https:\/\/tkg-duisburg.de\/#website\"},\"primaryImageOfPage\":{\"@id\":\"https:\/\/tkg-duisburg.de\/?p=8978#primaryimage\"},\"image\":{\"@id\":\"https:\/\/tkg-duisburg.de\/?p=8978#primaryimage\"},\"thumbnailUrl\":\"https:\/\/tkg-duisburg.de\/wp-content\/uploads\/2025\/12\/tag-der-pflege-1024x1024.jpg\",\"datePublished\":\"2025-12-17T12:16:10+00:00\",\"dateModified\":\"2025-12-17T12:16:11+00:00\",\"author\":{\"@id\":\"https:\/\/tkg-duisburg.de\/#\/schema\/person\/5a5b174492de297d4b57e9a3d89564ee\"},\"breadcrumb\":{\"@id\":\"https:\/\/tkg-duisburg.de\/?p=8978#breadcrumb\"},\"inLanguage\":\"de\",\"potentialAction\":[{\"@type\":\"ReadAction\",\"target\":[\"https:\/\/tkg-duisburg.de\/?p=8978\"]}]},{\"@type\":\"ImageObject\",\"inLanguage\":\"de\",\"@id\":\"https:\/\/tkg-duisburg.de\/?p=8978#primaryimage\",\"url\":\"https:\/\/tkg-duisburg.de\/wp-content\/uploads\/2025\/12\/tag-der-pflege-scaled.jpg\",\"contentUrl\":\"https:\/\/tkg-duisburg.de\/wp-content\/uploads\/2025\/12\/tag-der-pflege-scaled.jpg\",\"width\":2560,\"height\":2560},{\"@type\":\"BreadcrumbList\",\"@id\":\"https:\/\/tkg-duisburg.de\/?p=8978#breadcrumb\",\"itemListElement\":[{\"@type\":\"ListItem\",\"position\":1,\"name\":\"Startseite\",\"item\":\"https:\/\/tkg-duisburg.de\/\"},{\"@type\":\"ListItem\",\"position\":2,\"name\":\"Tag der Pflege &#8211; 03.11.2025\"}]},{\"@type\":\"WebSite\",\"@id\":\"https:\/\/tkg-duisburg.de\/#website\",\"url\":\"https:\/\/tkg-duisburg.de\/\",\"name\":\"Theodor K\u00f6nig Gesamtschule Duisburg\",\"description\":\"\",\"potentialAction\":[{\"@type\":\"SearchAction\",\"target\":{\"@type\":\"EntryPoint\",\"urlTemplate\":\"https:\/\/tkg-duisburg.de\/?s={search_term_string}\"},\"query-input\":\"required name=search_term_string\"}],\"inLanguage\":\"de\"},{\"@type\":\"Person\",\"@id\":\"https:\/\/tkg-duisburg.de\/#\/schema\/person\/5a5b174492de297d4b57e9a3d89564ee\",\"name\":\"Bj\u00f6rn Becker\",\"image\":{\"@type\":\"ImageObject\",\"inLanguage\":\"de\",\"@id\":\"https:\/\/tkg-duisburg.de\/#\/schema\/person\/image\/\",\"url\":\"https:\/\/secure.gravatar.com\/avatar\/c7690b9f448fdd19e7a021d2d0201faa0dc70513a48fc7103388e3231c3056a4?s=96&d=mm&r=g\",\"contentUrl\":\"https:\/\/secure.gravatar.com\/avatar\/c7690b9f448fdd19e7a021d2d0201faa0dc70513a48fc7103388e3231c3056a4?s=96&d=mm&r=g\",\"caption\":\"Bj\u00f6rn Becker\"},\"url\":\"https:\/\/tkg-duisburg.de\/?author=5\"}]}<\/script>\n<!-- \/ Yoast SEO plugin. -->","yoast_head_json":{"title":"Tag der Pflege - 03.11.2025 - Theodor K\u00f6nig Gesamtschule Duisburg","robots":{"index":"index","follow":"follow","max-snippet":"max-snippet:-1","max-image-preview":"max-image-preview:large","max-video-preview":"max-video-preview:-1"},"canonical":"https:\/\/tkg-duisburg.de\/?p=8978","og_locale":"de_DE","og_type":"article","og_title":"Tag der Pflege - 03.11.2025 - Theodor K\u00f6nig Gesamtschule Duisburg","og_description":"&nbsp;Der Pflegetag beim BIZ war wie eine kleine Berufsmesse rund um den Pflegeberuf. An verschiedenen Stationen konnten wir selbst ausprobieren, was man in der Pflege macht. Wir haben gelernt, wie man sich die H\u00e4nde richtig desinfiziert, welche Schritte bei der Ersten Hilfe wichtig sind und sogar, wie man Babys richtig wickelt. Auszubildende und Mitarbeiter haben &hellip; Tag der Pflege &#8211; 03.11.2025 weiterlesen &rarr;","og_url":"https:\/\/tkg-duisburg.de\/?p=8978","og_site_name":"Theodor K\u00f6nig Gesamtschule Duisburg","article_published_time":"2025-12-17T12:16:10+00:00","article_modified_time":"2025-12-17T12:16:11+00:00","og_image":[{"url":"https:\/\/tkg-duisburg.de\/wp-content\/uploads\/2025\/12\/tag-der-pflege-1024x1024.jpg"}],"author":"Bj\u00f6rn Becker","twitter_card":"summary_large_image","twitter_misc":{"Verfasst von":"Bj\u00f6rn Becker","Gesch\u00e4tzte Lesezeit":"1\u00a0Minute"},"schema":{"@context":"https:\/\/schema.org","@graph":[{"@type":"WebPage","@id":"https:\/\/tkg-duisburg.de\/?p=8978","url":"https:\/\/tkg-duisburg.de\/?p=8978","name":"Tag der Pflege - 03.11.2025 - Theodor K\u00f6nig Gesamtschule Duisburg","isPartOf":{"@id":"https:\/\/tkg-duisburg.de\/#website"},"primaryImageOfPage":{"@id":"https:\/\/tkg-duisburg.de\/?p=8978#primaryimage"},"image":{"@id":"https:\/\/tkg-duisburg.de\/?p=8978#primaryimage"},"thumbnailUrl":"https:\/\/tkg-duisburg.de\/wp-content\/uploads\/2025\/12\/tag-der-pflege-1024x1024.jpg","datePublished":"2025-12-17T12:16:10+00:00","dateModified":"2025-12-17T12:16:11+00:00","author":{"@id":"https:\/\/tkg-duisburg.de\/#\/schema\/person\/5a5b174492de297d4b57e9a3d89564ee"},"breadcrumb":{"@id":"https:\/\/tkg-duisburg.de\/?p=8978#breadcrumb"},"inLanguage":"de","potentialAction":[{"@type":"ReadAction","target":["https:\/\/tkg-duisburg.de\/?p=8978"]}]},{"@type":"ImageObject","inLanguage":"de","@id":"https:\/\/tkg-duisburg.de\/?p=8978#primaryimage","url":"https:\/\/tkg-duisburg.de\/wp-content\/uploads\/2025\/12\/tag-der-pflege-scaled.jpg","contentUrl":"https:\/\/tkg-duisburg.de\/wp-content\/uploads\/2025\/12\/tag-der-pflege-scaled.jpg","width":2560,"height":2560},{"@type":"BreadcrumbList","@id":"https:\/\/tkg-duisburg.de\/?p=8978#breadcrumb","itemListElement":[{"@type":"ListItem","position":1,"name":"Startseite","item":"https:\/\/tkg-duisburg.de\/"},{"@type":"ListItem","position":2,"name":"Tag der Pflege &#8211; 03.11.2025"}]},{"@type":"WebSite","@id":"https:\/\/tkg-duisburg.de\/#website","url":"https:\/\/tkg-duisburg.de\/","name":"Theodor K\u00f6nig Gesamtschule Duisburg","description":"","potentialAction":[{"@type":"SearchAction","target":{"@type":"EntryPoint","urlTemplate":"https:\/\/tkg-duisburg.de\/?s={search_term_string}"},"query-input":"required name=search_term_string"}],"inLanguage":"de"},{"@type":"Person","@id":"https:\/\/tkg-duisburg.de\/#\/schema\/person\/5a5b174492de297d4b57e9a3d89564ee","name":"Bj\u00f6rn Becker","image":{"@type":"ImageObject","inLanguage":"de","@id":"https:\/\/tkg-duisburg.de\/#\/schema\/person\/image\/","url":"https:\/\/secure.gravatar.com\/avatar\/c7690b9f448fdd19e7a021d2d0201faa0dc70513a48fc7103388e3231c3056a4?s=96&d=mm&r=g","contentUrl":"https:\/\/secure.gravatar.com\/avatar\/c7690b9f448fdd19e7a021d2d0201faa0dc70513a48fc7103388e3231c3056a4?s=96&d=mm&r=g","caption":"Bj\u00f6rn Becker"},"url":"https:\/\/tkg-duisburg.de\/?author=5"}]}},"_links":{"self":[{"href":"https:\/\/tkg-duisburg.de\/index.php?rest_route=\/wp\/v2\/posts\/8978","targetHints":{"allow":["GET"]}}],"collection":[{"href":"https:\/\/tkg-duisburg.de\/index.php?rest_route=\/wp\/v2\/posts"}],"about":[{"href":"https:\/\/tkg-duisburg.de\/index.php?rest_route=\/wp\/v2\/types\/post"}],"author":[{"embeddable":true,"href":"https:\/\/tkg-duisburg.de\/index.php?rest_route=\/wp\/v2\/users\/5"}],"replies":[{"embeddable":true,"href":"https:\/\/tkg-duisburg.de\/index.php?rest_route=%2Fwp%2Fv2%2Fcomments&post=8978"}],"version-history":[{"count":1,"href":"https:\/\/tkg-duisburg.de\/index.php?rest_route=\/wp\/v2\/posts\/8978\/revisions"}],"predecessor-version":[{"id":8980,"href":"https:\/\/tkg-duisburg.de\/index.php?rest_route=\/wp\/v2\/posts\/8978\/revisions\/8980"}],"wp:attachment":[{"href":"https:\/\/tkg-duisburg.de\/index.php?rest_route=%2Fwp%2Fv2%2Fmedia&parent=8978"}],"wp:term":[{"taxonomy":"category","embeddable":true,"href":"https:\/\/tkg-duisburg.de\/index.php?rest_route=%2Fwp%2Fv2%2Fcategories&post=8978"},{"taxonomy":"post_tag","embeddable":true,"href":"https:\/\/tkg-duisburg.de\/index.php?rest_route=%2Fwp%2Fv2%2Ftags&post=8978"}],"curies":[{"name":"wp","href":"https:\/\/api.w.org\/{rel}","templated":true}]}}