{"id":8981,"date":"2025-12-17T14:22:46","date_gmt":"2025-12-17T12:22:46","guid":{"rendered":"https:\/\/tkg-duisburg.de\/?p=8981"},"modified":"2025-12-17T14:22:48","modified_gmt":"2025-12-17T12:22:48","slug":"praxisnahe-berufsorientierung-mit-dem-malerbetrieb-werner-dorsche","status":"publish","type":"post","link":"https:\/\/tkg-duisburg.de\/?p=8981","title":{"rendered":"Praxisnahe Berufsorientierung mit dem Malerbetrieb Werner Dorsche"},"content":{"rendered":"\n<p>Im Rahmen der Berufsorientierung haben acht Sch\u00fclerinnen und Sch\u00fcler der Jahrgangsstufe 10  unserer Schule an einem besonderen Praxisprojekt teilgenommen. Dieses Projekt ist in Kooperation mit dem Malerbetrieb Werner Dorscheid und initiiert durch die Kommunale Koordinierungsstelle Duisburg der Landesinitiative \u201eKein Abschluss ohne Anschluss! entstanden.<\/p>\n\n\n<div class=\"wp-block-image\">\n<figure class=\"aligncenter size-full\"><img loading=\"lazy\" decoding=\"async\" width=\"511\" height=\"384\" src=\"https:\/\/tkg-duisburg.de\/wp-content\/uploads\/2025\/12\/image-2.png\" alt=\"\" class=\"wp-image-8984\" srcset=\"https:\/\/tkg-duisburg.de\/wp-content\/uploads\/2025\/12\/image-2.png 511w, https:\/\/tkg-duisburg.de\/wp-content\/uploads\/2025\/12\/image-2-300x225.png 300w\" sizes=\"auto, (max-width: 511px) 100vw, 511px\" \/><\/figure>\n<\/div>\n\n\n<!--more-->\n\n\n\n<p>Zu Beginn erhielten die Teilnehmenden bei einer Betriebsbesichtigung (02.10.25) einen Einblick in den Arbeitsalltag des Malerhandwerks. Anschlie\u00dfend entwickelten sie in einer gemeinsamen Konzeptbesprechung in der Schule k\u00fcnstlerische Ideen zu den selbst ausgew\u00e4hlten Themen Frieden, Hoffnung, Liebe und Vielfalt. Auf dieser Grundlage entstanden in vier Projekttagen (18.11. &#8211; 21.11.2025) drei individuell gestaltete Wandfl\u00e4chen.<\/p>\n\n\n<div class=\"wp-block-image\">\n<figure class=\"aligncenter size-full\"><img loading=\"lazy\" decoding=\"async\" width=\"511\" height=\"383\" src=\"https:\/\/tkg-duisburg.de\/wp-content\/uploads\/2025\/12\/image-3.png\" alt=\"\" class=\"wp-image-8985\" srcset=\"https:\/\/tkg-duisburg.de\/wp-content\/uploads\/2025\/12\/image-3.png 511w, https:\/\/tkg-duisburg.de\/wp-content\/uploads\/2025\/12\/image-3-300x225.png 300w\" sizes=\"auto, (max-width: 511px) 100vw, 511px\" \/><\/figure>\n<\/div>\n\n\n<p>W\u00e4hrend der gesamten Projektzeit wurden die Sch\u00fclerinnen und Sch\u00fcler professionell begleitet: Die Auszubildenden Torben und Nikita sowie der Geselle Kevin, der das Projekt leitete und zudem ein ehemaliger Sch\u00fcler unserer berufsvorbereitenden Klasse ist, standen ihnen mit Rat, Tat und fachlicher Expertise zur Seite. Frau Kitzing, die inzwischen im Malerbetrieb t\u00e4tig ist und ebenfalls unsere  ehemalige Sch\u00fclerin ist, unterst\u00fctzte das Projekt. Besonders beeindruckend war das Engagement der Jugendlichen: Bereits ab 07:00 Uhr morgens arbeiteten sie motiviert an der Umsetzung ihrer Entw\u00fcrfe.<\/p>\n\n\n\n<figure class=\"wp-block-gallery has-nested-images columns-default is-cropped wp-block-gallery-1 is-layout-flex wp-block-gallery-is-layout-flex\">\n<figure class=\"wp-block-image size-large\"><img decoding=\"async\" data-id=\"8986\" src=\"https:\/\/tkg-duisburg.de\/wp-content\/uploads\/2025\/12\/Praxisnahe-Berufsorientierung-mit-dem-Malerbetrieb-Werner-Dorscheid.tiff\" alt=\"\" class=\"wp-image-8986\"\/><\/figure>\n\n\n\n<figure class=\"wp-block-image size-large\"><img decoding=\"async\" data-id=\"8987\" src=\"https:\/\/tkg-duisburg.de\/wp-content\/uploads\/2025\/12\/Praxisnahe-Berufsorientierung-mit-dem-Malerbetrieb-Werner-Dorscheid-1.tiff\" alt=\"\" class=\"wp-image-8987\"\/><\/figure>\n\n\n\n<figure class=\"wp-block-image size-large\"><img decoding=\"async\" data-id=\"8988\" src=\"https:\/\/tkg-duisburg.de\/wp-content\/uploads\/2025\/12\/Praxisnahe-Berufsorientierung-mit-dem-Malerbetrieb-Werner-Dorscheid-2.tiff\" alt=\"\" class=\"wp-image-8988\"\/><figcaption class=\"wp-element-caption\">Stadt Duisburg\/ Tanja Pickartz<\/figcaption><\/figure>\n\n\n\n<figure class=\"wp-block-image size-large\"><img decoding=\"async\" data-id=\"8989\" src=\"https:\/\/tkg-duisburg.de\/wp-content\/uploads\/2025\/12\/Praxisnahe-Berufsorientierung-mit-dem-Malerbetrieb-Werner-Dorscheid-3.tiff\" alt=\"\" class=\"wp-image-8989\"\/><figcaption class=\"wp-element-caption\">Stadt Duisburg\/ Tanja Pickartz<\/figcaption><\/figure>\n<\/figure>\n\n\n\n<p>Am Donnerstag, den 20.11., fand zudem ein Pressetermin statt. Dabei besuchte die Dezernentin Frau Neese unsere Schule und w\u00fcrdigte vor Ort das Engagement sowie die beeindruckenden Ergebnisse der Sch\u00fclerinnen und Sch\u00fcler.<\/p>\n\n\n<div class=\"wp-block-image\">\n<figure class=\"aligncenter size-full\"><img loading=\"lazy\" decoding=\"async\" width=\"512\" height=\"512\" src=\"https:\/\/tkg-duisburg.de\/wp-content\/uploads\/2025\/12\/image-1.png\" alt=\"\" class=\"wp-image-8983\" srcset=\"https:\/\/tkg-duisburg.de\/wp-content\/uploads\/2025\/12\/image-1.png 512w, https:\/\/tkg-duisburg.de\/wp-content\/uploads\/2025\/12\/image-1-300x300.png 300w\" sizes=\"auto, (max-width: 512px) 100vw, 512px\" \/><\/figure>\n<\/div>\n\n\n<p>Mit viel Kreativit\u00e4t, handwerklichem Geschick und Teamarbeit entstanden eindrucksvolle Bilder, die die Atmosph\u00e4re des Flurs nachhaltig ver\u00e4ndern. Das Projekt bot nicht nur wertvolle Einblicke in einen handwerklichen Beruf, sondern zeigte auch, wie junge Menschen mit Farbe und Gestaltung eine starke Botschaft vermitteln k\u00f6nnen.<\/p>\n\n\n\n<p>Die entsprechenden Pressemitteilungen sind unter den folgenden Links zu finden:<\/p>\n\n\n\n<p><em>&#8211; <a href=\"https:\/\/www.duisburg.de\/pressemitteilungen\/pm\/2025\/november\/schulprojekt-maler-und-lackierer-in-dertheodor-koenig-gesamtschule.php\">https:\/\/www.duisburg.de\/pressemitteilungen\/pm\/2025\/november\/schulprojekt-maler-und-lackierer-in-dertheodor-koenig-gesamtschule.php<\/a><\/em><\/p>\n\n\n\n<p><em>&#8211; <a href=\"https:\/\/www.radioduisburg.de\/artikel\/duisburger-schueler-gestalten-ihre-schule-selbst-2501789\">https:\/\/www.radioduisburg.de\/artikel\/duisburger-schueler-gestalten-ihre-schule-selbst-2501789<\/a><\/em><\/p>\n\n\n\n<p><em>&#8211; <a href=\"https:\/\/lokalklick.eu\/2025\/11\/30\/schulprojekt-maler-und-lackierer-in-der-theodor-koenig-gesamtschule\/\">https:\/\/lokalklick.eu\/2025\/11\/30\/schulprojekt-maler-und-lackierer-in-der-theodor-koenig-gesamtschule\/<\/a><\/em><\/p>\n\n\n\n<figure class=\"wp-block-image size-full\"><img loading=\"lazy\" decoding=\"async\" width=\"512\" height=\"512\" src=\"https:\/\/tkg-duisburg.de\/wp-content\/uploads\/2025\/12\/image.png\" alt=\"\" class=\"wp-image-8982\" srcset=\"https:\/\/tkg-duisburg.de\/wp-content\/uploads\/2025\/12\/image.png 512w, https:\/\/tkg-duisburg.de\/wp-content\/uploads\/2025\/12\/image-300x300.png 300w\" sizes=\"auto, (max-width: 512px) 100vw, 512px\" \/><\/figure>\n\n\n\n<p><em>Abt. III &#8211; \u00d6. Temiz und R. Aydin<\/em><\/p>\n\n\n\n<p><\/p>\n","protected":false},"excerpt":{"rendered":"<p>Im Rahmen der Berufsorientierung haben acht Sch\u00fclerinnen und Sch\u00fcler der Jahrgangsstufe 10 unserer Schule an einem besonderen Praxisprojekt teilgenommen. Dieses Projekt ist in Kooperation mit dem Malerbetrieb Werner Dorscheid und initiiert durch die Kommunale Koordinierungsstelle Duisburg der Landesinitiative \u201eKein Abschluss ohne Anschluss! entstanden.<\/p>\n","protected":false},"author":5,"featured_media":0,"comment_status":"closed","ping_status":"open","sticky":false,"template":"","format":"standard","meta":{"footnotes":""},"categories":[48,21],"tags":[],"class_list":["post-8981","post","type-post","status-publish","format-standard","hentry","category-berufsvorbereitung","category-jahrgang-10"],"yoast_head":"<!-- This site is optimized with the Yoast SEO plugin v22.6 - https:\/\/yoast.com\/wordpress\/plugins\/seo\/ -->\n<title>Praxisnahe Berufsorientierung mit dem Malerbetrieb Werner Dorsche - Theodor K\u00f6nig Gesamtschule Duisburg<\/title>\n<meta name=\"robots\" content=\"index, follow, max-snippet:-1, max-image-preview:large, max-video-preview:-1\" \/>\n<link rel=\"canonical\" href=\"https:\/\/tkg-duisburg.de\/?p=8981\" \/>\n<meta property=\"og:locale\" content=\"de_DE\" \/>\n<meta property=\"og:type\" content=\"article\" \/>\n<meta property=\"og:title\" content=\"Praxisnahe Berufsorientierung mit dem Malerbetrieb Werner Dorsche - Theodor K\u00f6nig Gesamtschule Duisburg\" \/>\n<meta property=\"og:description\" content=\"Im Rahmen der Berufsorientierung haben acht Sch\u00fclerinnen und Sch\u00fcler der Jahrgangsstufe 10 unserer Schule an einem besonderen Praxisprojekt teilgenommen. Dieses Projekt ist in Kooperation mit dem Malerbetrieb Werner Dorscheid und initiiert durch die Kommunale Koordinierungsstelle Duisburg der Landesinitiative \u201eKein Abschluss ohne Anschluss! entstanden.\" \/>\n<meta property=\"og:url\" content=\"https:\/\/tkg-duisburg.de\/?p=8981\" \/>\n<meta property=\"og:site_name\" content=\"Theodor K\u00f6nig Gesamtschule Duisburg\" \/>\n<meta property=\"article:published_time\" content=\"2025-12-17T12:22:46+00:00\" \/>\n<meta property=\"article:modified_time\" content=\"2025-12-17T12:22:48+00:00\" \/>\n<meta property=\"og:image\" content=\"https:\/\/tkg-duisburg.de\/wp-content\/uploads\/2025\/12\/image-2.png\" \/>\n<meta name=\"author\" content=\"Bj\u00f6rn Becker\" \/>\n<meta name=\"twitter:card\" content=\"summary_large_image\" \/>\n<meta name=\"twitter:label1\" content=\"Verfasst von\" \/>\n\t<meta name=\"twitter:data1\" content=\"Bj\u00f6rn Becker\" \/>\n\t<meta name=\"twitter:label2\" content=\"Gesch\u00e4tzte Lesezeit\" \/>\n\t<meta name=\"twitter:data2\" content=\"4\u00a0Minuten\" \/>\n<script type=\"application\/ld+json\" class=\"yoast-schema-graph\">{\"@context\":\"https:\/\/schema.org\",\"@graph\":[{\"@type\":\"WebPage\",\"@id\":\"https:\/\/tkg-duisburg.de\/?p=8981\",\"url\":\"https:\/\/tkg-duisburg.de\/?p=8981\",\"name\":\"Praxisnahe Berufsorientierung mit dem Malerbetrieb Werner Dorsche - Theodor K\u00f6nig Gesamtschule Duisburg\",\"isPartOf\":{\"@id\":\"https:\/\/tkg-duisburg.de\/#website\"},\"primaryImageOfPage\":{\"@id\":\"https:\/\/tkg-duisburg.de\/?p=8981#primaryimage\"},\"image\":{\"@id\":\"https:\/\/tkg-duisburg.de\/?p=8981#primaryimage\"},\"thumbnailUrl\":\"https:\/\/tkg-duisburg.de\/wp-content\/uploads\/2025\/12\/image-2.png\",\"datePublished\":\"2025-12-17T12:22:46+00:00\",\"dateModified\":\"2025-12-17T12:22:48+00:00\",\"author\":{\"@id\":\"https:\/\/tkg-duisburg.de\/#\/schema\/person\/5a5b174492de297d4b57e9a3d89564ee\"},\"breadcrumb\":{\"@id\":\"https:\/\/tkg-duisburg.de\/?p=8981#breadcrumb\"},\"inLanguage\":\"de\",\"potentialAction\":[{\"@type\":\"ReadAction\",\"target\":[\"https:\/\/tkg-duisburg.de\/?p=8981\"]}]},{\"@type\":\"ImageObject\",\"inLanguage\":\"de\",\"@id\":\"https:\/\/tkg-duisburg.de\/?p=8981#primaryimage\",\"url\":\"https:\/\/tkg-duisburg.de\/wp-content\/uploads\/2025\/12\/image-2.png\",\"contentUrl\":\"https:\/\/tkg-duisburg.de\/wp-content\/uploads\/2025\/12\/image-2.png\",\"width\":511,\"height\":384},{\"@type\":\"BreadcrumbList\",\"@id\":\"https:\/\/tkg-duisburg.de\/?p=8981#breadcrumb\",\"itemListElement\":[{\"@type\":\"ListItem\",\"position\":1,\"name\":\"Startseite\",\"item\":\"https:\/\/tkg-duisburg.de\/\"},{\"@type\":\"ListItem\",\"position\":2,\"name\":\"Praxisnahe Berufsorientierung mit dem Malerbetrieb Werner Dorsche\"}]},{\"@type\":\"WebSite\",\"@id\":\"https:\/\/tkg-duisburg.de\/#website\",\"url\":\"https:\/\/tkg-duisburg.de\/\",\"name\":\"Theodor K\u00f6nig Gesamtschule Duisburg\",\"description\":\"\",\"potentialAction\":[{\"@type\":\"SearchAction\",\"target\":{\"@type\":\"EntryPoint\",\"urlTemplate\":\"https:\/\/tkg-duisburg.de\/?s={search_term_string}\"},\"query-input\":\"required name=search_term_string\"}],\"inLanguage\":\"de\"},{\"@type\":\"Person\",\"@id\":\"https:\/\/tkg-duisburg.de\/#\/schema\/person\/5a5b174492de297d4b57e9a3d89564ee\",\"name\":\"Bj\u00f6rn Becker\",\"image\":{\"@type\":\"ImageObject\",\"inLanguage\":\"de\",\"@id\":\"https:\/\/tkg-duisburg.de\/#\/schema\/person\/image\/\",\"url\":\"https:\/\/secure.gravatar.com\/avatar\/c7690b9f448fdd19e7a021d2d0201faa0dc70513a48fc7103388e3231c3056a4?s=96&d=mm&r=g\",\"contentUrl\":\"https:\/\/secure.gravatar.com\/avatar\/c7690b9f448fdd19e7a021d2d0201faa0dc70513a48fc7103388e3231c3056a4?s=96&d=mm&r=g\",\"caption\":\"Bj\u00f6rn Becker\"},\"url\":\"https:\/\/tkg-duisburg.de\/?author=5\"}]}<\/script>\n<!-- \/ Yoast SEO plugin. -->","yoast_head_json":{"title":"Praxisnahe Berufsorientierung mit dem Malerbetrieb Werner Dorsche - Theodor K\u00f6nig Gesamtschule Duisburg","robots":{"index":"index","follow":"follow","max-snippet":"max-snippet:-1","max-image-preview":"max-image-preview:large","max-video-preview":"max-video-preview:-1"},"canonical":"https:\/\/tkg-duisburg.de\/?p=8981","og_locale":"de_DE","og_type":"article","og_title":"Praxisnahe Berufsorientierung mit dem Malerbetrieb Werner Dorsche - Theodor K\u00f6nig Gesamtschule Duisburg","og_description":"Im Rahmen der Berufsorientierung haben acht Sch\u00fclerinnen und Sch\u00fcler der Jahrgangsstufe 10 unserer Schule an einem besonderen Praxisprojekt teilgenommen. Dieses Projekt ist in Kooperation mit dem Malerbetrieb Werner Dorscheid und initiiert durch die Kommunale Koordinierungsstelle Duisburg der Landesinitiative \u201eKein Abschluss ohne Anschluss! entstanden.","og_url":"https:\/\/tkg-duisburg.de\/?p=8981","og_site_name":"Theodor K\u00f6nig Gesamtschule Duisburg","article_published_time":"2025-12-17T12:22:46+00:00","article_modified_time":"2025-12-17T12:22:48+00:00","og_image":[{"url":"https:\/\/tkg-duisburg.de\/wp-content\/uploads\/2025\/12\/image-2.png"}],"author":"Bj\u00f6rn Becker","twitter_card":"summary_large_image","twitter_misc":{"Verfasst von":"Bj\u00f6rn Becker","Gesch\u00e4tzte Lesezeit":"4\u00a0Minuten"},"schema":{"@context":"https:\/\/schema.org","@graph":[{"@type":"WebPage","@id":"https:\/\/tkg-duisburg.de\/?p=8981","url":"https:\/\/tkg-duisburg.de\/?p=8981","name":"Praxisnahe Berufsorientierung mit dem Malerbetrieb Werner Dorsche - Theodor K\u00f6nig Gesamtschule Duisburg","isPartOf":{"@id":"https:\/\/tkg-duisburg.de\/#website"},"primaryImageOfPage":{"@id":"https:\/\/tkg-duisburg.de\/?p=8981#primaryimage"},"image":{"@id":"https:\/\/tkg-duisburg.de\/?p=8981#primaryimage"},"thumbnailUrl":"https:\/\/tkg-duisburg.de\/wp-content\/uploads\/2025\/12\/image-2.png","datePublished":"2025-12-17T12:22:46+00:00","dateModified":"2025-12-17T12:22:48+00:00","author":{"@id":"https:\/\/tkg-duisburg.de\/#\/schema\/person\/5a5b174492de297d4b57e9a3d89564ee"},"breadcrumb":{"@id":"https:\/\/tkg-duisburg.de\/?p=8981#breadcrumb"},"inLanguage":"de","potentialAction":[{"@type":"ReadAction","target":["https:\/\/tkg-duisburg.de\/?p=8981"]}]},{"@type":"ImageObject","inLanguage":"de","@id":"https:\/\/tkg-duisburg.de\/?p=8981#primaryimage","url":"https:\/\/tkg-duisburg.de\/wp-content\/uploads\/2025\/12\/image-2.png","contentUrl":"https:\/\/tkg-duisburg.de\/wp-content\/uploads\/2025\/12\/image-2.png","width":511,"height":384},{"@type":"BreadcrumbList","@id":"https:\/\/tkg-duisburg.de\/?p=8981#breadcrumb","itemListElement":[{"@type":"ListItem","position":1,"name":"Startseite","item":"https:\/\/tkg-duisburg.de\/"},{"@type":"ListItem","position":2,"name":"Praxisnahe Berufsorientierung mit dem Malerbetrieb Werner Dorsche"}]},{"@type":"WebSite","@id":"https:\/\/tkg-duisburg.de\/#website","url":"https:\/\/tkg-duisburg.de\/","name":"Theodor K\u00f6nig Gesamtschule Duisburg","description":"","potentialAction":[{"@type":"SearchAction","target":{"@type":"EntryPoint","urlTemplate":"https:\/\/tkg-duisburg.de\/?s={search_term_string}"},"query-input":"required name=search_term_string"}],"inLanguage":"de"},{"@type":"Person","@id":"https:\/\/tkg-duisburg.de\/#\/schema\/person\/5a5b174492de297d4b57e9a3d89564ee","name":"Bj\u00f6rn Becker","image":{"@type":"ImageObject","inLanguage":"de","@id":"https:\/\/tkg-duisburg.de\/#\/schema\/person\/image\/","url":"https:\/\/secure.gravatar.com\/avatar\/c7690b9f448fdd19e7a021d2d0201faa0dc70513a48fc7103388e3231c3056a4?s=96&d=mm&r=g","contentUrl":"https:\/\/secure.gravatar.com\/avatar\/c7690b9f448fdd19e7a021d2d0201faa0dc70513a48fc7103388e3231c3056a4?s=96&d=mm&r=g","caption":"Bj\u00f6rn Becker"},"url":"https:\/\/tkg-duisburg.de\/?author=5"}]}},"_links":{"self":[{"href":"https:\/\/tkg-duisburg.de\/index.php?rest_route=\/wp\/v2\/posts\/8981","targetHints":{"allow":["GET"]}}],"collection":[{"href":"https:\/\/tkg-duisburg.de\/index.php?rest_route=\/wp\/v2\/posts"}],"about":[{"href":"https:\/\/tkg-duisburg.de\/index.php?rest_route=\/wp\/v2\/types\/post"}],"author":[{"embeddable":true,"href":"https:\/\/tkg-duisburg.de\/index.php?rest_route=\/wp\/v2\/users\/5"}],"replies":[{"embeddable":true,"href":"https:\/\/tkg-duisburg.de\/index.php?rest_route=%2Fwp%2Fv2%2Fcomments&post=8981"}],"version-history":[{"count":1,"href":"https:\/\/tkg-duisburg.de\/index.php?rest_route=\/wp\/v2\/posts\/8981\/revisions"}],"predecessor-version":[{"id":8990,"href":"https:\/\/tkg-duisburg.de\/index.php?rest_route=\/wp\/v2\/posts\/8981\/revisions\/8990"}],"wp:attachment":[{"href":"https:\/\/tkg-duisburg.de\/index.php?rest_route=%2Fwp%2Fv2%2Fmedia&parent=8981"}],"wp:term":[{"taxonomy":"category","embeddable":true,"href":"https:\/\/tkg-duisburg.de\/index.php?rest_route=%2Fwp%2Fv2%2Fcategories&post=8981"},{"taxonomy":"post_tag","embeddable":true,"href":"https:\/\/tkg-duisburg.de\/index.php?rest_route=%2Fwp%2Fv2%2Ftags&post=8981"}],"curies":[{"name":"wp","href":"https:\/\/api.w.org\/{rel}","templated":true}]}}