{"id":9296,"date":"2026-04-28T12:03:54","date_gmt":"2026-04-28T10:03:54","guid":{"rendered":"https:\/\/tkg-duisburg.de\/?p=9296"},"modified":"2026-04-28T12:03:55","modified_gmt":"2026-04-28T10:03:55","slug":"gesichter-des-reviers","status":"publish","type":"post","link":"https:\/\/tkg-duisburg.de\/?p=9296","title":{"rendered":"Gesichter des Reviers"},"content":{"rendered":"\n<p>Im Rahmen des Projekts \u201eGESICHTER DES REVIERS \u2013 Vom Ankommen und Dazugeh\u00f6ren\u201c der Brost-Stiftung besuchte der Schauspieler und Fotograf Armin Rohde am 9. Oktober 2025 unsere Schule, um unsere Referendarin Nurdan Kanikurumaz zu portr\u00e4tieren.&nbsp;Im Anschluss an das Fotoshooting hielt er sich noch l\u00e4nger in der Schule auf und unterhielt sich mit einigen Kolleginnen und Kollegen. Abschlie\u00dfend&nbsp;richtete er sich zudem mit einer pers\u00f6nlichen Sprachnachricht an das Kollegium und hinterlie\u00df damit einen bleibenden Eindruck.<\/p>\n\n\n\n<figure class=\"wp-block-image size-large\"><img loading=\"lazy\" decoding=\"async\" width=\"1024\" height=\"714\" src=\"https:\/\/tkg-duisburg.de\/wp-content\/uploads\/2026\/04\/2026-04-25-Ausstellungseroeffnung-1024x714.jpeg\" alt=\"\" class=\"wp-image-9297\" srcset=\"https:\/\/tkg-duisburg.de\/wp-content\/uploads\/2026\/04\/2026-04-25-Ausstellungseroeffnung-1024x714.jpeg 1024w, https:\/\/tkg-duisburg.de\/wp-content\/uploads\/2026\/04\/2026-04-25-Ausstellungseroeffnung-300x209.jpeg 300w, https:\/\/tkg-duisburg.de\/wp-content\/uploads\/2026\/04\/2026-04-25-Ausstellungseroeffnung-1536x1072.jpeg 1536w, https:\/\/tkg-duisburg.de\/wp-content\/uploads\/2026\/04\/2026-04-25-Ausstellungseroeffnung-2048x1429.jpeg 2048w\" sizes=\"auto, (max-width: 1024px) 100vw, 1024px\" \/><\/figure>\n\n\n\n<!--more-->\n\n\n\n<p>Das Projekt&nbsp;\u201eGESICHTER DES REVIERS\u201c&nbsp;stellt Menschen mit Migrationsgeschichte aus dem Ruhrgebiet in den Mittelpunkt und macht ihre vielf\u00e4ltigen Lebenswege sichtbar.<\/p>\n\n\n\n<figure class=\"wp-block-image size-large\"><img loading=\"lazy\" decoding=\"async\" width=\"1024\" height=\"701\" src=\"https:\/\/tkg-duisburg.de\/wp-content\/uploads\/2026\/04\/2026-04-25_Widmung-1024x701.jpeg\" alt=\"\" class=\"wp-image-9299\" srcset=\"https:\/\/tkg-duisburg.de\/wp-content\/uploads\/2026\/04\/2026-04-25_Widmung-1024x701.jpeg 1024w, https:\/\/tkg-duisburg.de\/wp-content\/uploads\/2026\/04\/2026-04-25_Widmung-300x205.jpeg 300w, https:\/\/tkg-duisburg.de\/wp-content\/uploads\/2026\/04\/2026-04-25_Widmung-1536x1051.jpeg 1536w, https:\/\/tkg-duisburg.de\/wp-content\/uploads\/2026\/04\/2026-04-25_Widmung.jpeg 1981w\" sizes=\"auto, (max-width: 1024px) 100vw, 1024px\" \/><\/figure>\n\n\n\n<p>Am 25. April 2026 fand die feierliche Vernissage statt. Auch bei dieser Gelegenheit hinterlie\u00df Armin Rohde f\u00fcr die TKG ein Autogramm mit pers\u00f6nlichen Gr\u00fc\u00dfen.<\/p>\n\n\n\n<p>Die Ausstellung ist vom 26. April bis zum 7. Juni 2026 im Ruhr Museum auf der 24-Meter-Ebene f\u00fcr Besucherinnen und Besucher&nbsp;kostenlos&nbsp;zug\u00e4nglich.<\/p>\n\n\n\n<figure class=\"wp-block-image size-large\"><img loading=\"lazy\" decoding=\"async\" width=\"820\" height=\"1024\" src=\"https:\/\/tkg-duisburg.de\/wp-content\/uploads\/2026\/04\/2025-10_Fotoshooting-an-der-Schule-820x1024.jpeg\" alt=\"\" class=\"wp-image-9298\" srcset=\"https:\/\/tkg-duisburg.de\/wp-content\/uploads\/2026\/04\/2025-10_Fotoshooting-an-der-Schule-820x1024.jpeg 820w, https:\/\/tkg-duisburg.de\/wp-content\/uploads\/2026\/04\/2025-10_Fotoshooting-an-der-Schule-240x300.jpeg 240w, https:\/\/tkg-duisburg.de\/wp-content\/uploads\/2026\/04\/2025-10_Fotoshooting-an-der-Schule-1230x1536.jpeg 1230w, https:\/\/tkg-duisburg.de\/wp-content\/uploads\/2026\/04\/2025-10_Fotoshooting-an-der-Schule-1640x2048.jpeg 1640w\" sizes=\"auto, (max-width: 820px) 100vw, 820px\" \/><\/figure>\n\n\n\n<p>H. Betzinger<\/p>\n","protected":false},"excerpt":{"rendered":"<p>Im Rahmen des Projekts \u201eGESICHTER DES REVIERS \u2013 Vom Ankommen und Dazugeh\u00f6ren\u201c der Brost-Stiftung besuchte der Schauspieler und Fotograf Armin Rohde am 9. Oktober 2025 unsere Schule, um unsere Referendarin Nurdan Kanikurumaz zu portr\u00e4tieren.&nbsp;Im Anschluss an das Fotoshooting hielt er sich noch l\u00e4nger in der Schule auf und unterhielt sich mit einigen Kolleginnen und Kollegen. &hellip; <a href=\"https:\/\/tkg-duisburg.de\/?p=9296\" class=\"more-link\"><span class=\"screen-reader-text\">Gesichter des Reviers<\/span> weiterlesen <span class=\"meta-nav\">&rarr;<\/span><\/a><\/p>\n","protected":false},"author":5,"featured_media":0,"comment_status":"closed","ping_status":"open","sticky":false,"template":"","format":"standard","meta":{"footnotes":""},"categories":[37,51,18],"tags":[],"class_list":["post-9296","post","type-post","status-publish","format-standard","hentry","category-externe-kooperation","category-lehrer","category-termine"],"yoast_head":"<!-- This site is optimized with the Yoast SEO plugin v22.6 - https:\/\/yoast.com\/wordpress\/plugins\/seo\/ -->\n<title>Gesichter des Reviers - Theodor K\u00f6nig Gesamtschule Duisburg<\/title>\n<meta name=\"robots\" content=\"index, follow, max-snippet:-1, max-image-preview:large, max-video-preview:-1\" \/>\n<link rel=\"canonical\" href=\"https:\/\/tkg-duisburg.de\/?p=9296\" \/>\n<meta property=\"og:locale\" content=\"de_DE\" \/>\n<meta property=\"og:type\" content=\"article\" \/>\n<meta property=\"og:title\" content=\"Gesichter des Reviers - Theodor K\u00f6nig Gesamtschule Duisburg\" \/>\n<meta property=\"og:description\" content=\"Im Rahmen des Projekts \u201eGESICHTER DES REVIERS \u2013 Vom Ankommen und Dazugeh\u00f6ren\u201c der Brost-Stiftung besuchte der Schauspieler und Fotograf Armin Rohde am 9. Oktober 2025 unsere Schule, um unsere Referendarin Nurdan Kanikurumaz zu portr\u00e4tieren.&nbsp;Im Anschluss an das Fotoshooting hielt er sich noch l\u00e4nger in der Schule auf und unterhielt sich mit einigen Kolleginnen und Kollegen. &hellip; Gesichter des Reviers weiterlesen &rarr;\" \/>\n<meta property=\"og:url\" content=\"https:\/\/tkg-duisburg.de\/?p=9296\" \/>\n<meta property=\"og:site_name\" content=\"Theodor K\u00f6nig Gesamtschule Duisburg\" \/>\n<meta property=\"article:published_time\" content=\"2026-04-28T10:03:54+00:00\" \/>\n<meta property=\"article:modified_time\" content=\"2026-04-28T10:03:55+00:00\" \/>\n<meta property=\"og:image\" content=\"https:\/\/tkg-duisburg.de\/wp-content\/uploads\/2026\/04\/2026-04-25-Ausstellungseroeffnung-1024x714.jpeg\" \/>\n<meta name=\"author\" content=\"Bj\u00f6rn Becker\" \/>\n<meta name=\"twitter:card\" content=\"summary_large_image\" \/>\n<meta name=\"twitter:label1\" content=\"Verfasst von\" \/>\n\t<meta name=\"twitter:data1\" content=\"Bj\u00f6rn Becker\" \/>\n\t<meta name=\"twitter:label2\" content=\"Gesch\u00e4tzte Lesezeit\" \/>\n\t<meta name=\"twitter:data2\" content=\"2\u00a0Minuten\" \/>\n<script type=\"application\/ld+json\" class=\"yoast-schema-graph\">{\"@context\":\"https:\/\/schema.org\",\"@graph\":[{\"@type\":\"WebPage\",\"@id\":\"https:\/\/tkg-duisburg.de\/?p=9296\",\"url\":\"https:\/\/tkg-duisburg.de\/?p=9296\",\"name\":\"Gesichter des Reviers - Theodor K\u00f6nig Gesamtschule Duisburg\",\"isPartOf\":{\"@id\":\"https:\/\/tkg-duisburg.de\/#website\"},\"primaryImageOfPage\":{\"@id\":\"https:\/\/tkg-duisburg.de\/?p=9296#primaryimage\"},\"image\":{\"@id\":\"https:\/\/tkg-duisburg.de\/?p=9296#primaryimage\"},\"thumbnailUrl\":\"https:\/\/tkg-duisburg.de\/wp-content\/uploads\/2026\/04\/2026-04-25-Ausstellungseroeffnung-1024x714.jpeg\",\"datePublished\":\"2026-04-28T10:03:54+00:00\",\"dateModified\":\"2026-04-28T10:03:55+00:00\",\"author\":{\"@id\":\"https:\/\/tkg-duisburg.de\/#\/schema\/person\/5a5b174492de297d4b57e9a3d89564ee\"},\"breadcrumb\":{\"@id\":\"https:\/\/tkg-duisburg.de\/?p=9296#breadcrumb\"},\"inLanguage\":\"de\",\"potentialAction\":[{\"@type\":\"ReadAction\",\"target\":[\"https:\/\/tkg-duisburg.de\/?p=9296\"]}]},{\"@type\":\"ImageObject\",\"inLanguage\":\"de\",\"@id\":\"https:\/\/tkg-duisburg.de\/?p=9296#primaryimage\",\"url\":\"https:\/\/tkg-duisburg.de\/wp-content\/uploads\/2026\/04\/2026-04-25-Ausstellungseroeffnung.jpeg\",\"contentUrl\":\"https:\/\/tkg-duisburg.de\/wp-content\/uploads\/2026\/04\/2026-04-25-Ausstellungseroeffnung.jpeg\",\"width\":2537,\"height\":1770},{\"@type\":\"BreadcrumbList\",\"@id\":\"https:\/\/tkg-duisburg.de\/?p=9296#breadcrumb\",\"itemListElement\":[{\"@type\":\"ListItem\",\"position\":1,\"name\":\"Startseite\",\"item\":\"https:\/\/tkg-duisburg.de\/\"},{\"@type\":\"ListItem\",\"position\":2,\"name\":\"Gesichter des Reviers\"}]},{\"@type\":\"WebSite\",\"@id\":\"https:\/\/tkg-duisburg.de\/#website\",\"url\":\"https:\/\/tkg-duisburg.de\/\",\"name\":\"Theodor K\u00f6nig Gesamtschule Duisburg\",\"description\":\"\",\"potentialAction\":[{\"@type\":\"SearchAction\",\"target\":{\"@type\":\"EntryPoint\",\"urlTemplate\":\"https:\/\/tkg-duisburg.de\/?s={search_term_string}\"},\"query-input\":\"required name=search_term_string\"}],\"inLanguage\":\"de\"},{\"@type\":\"Person\",\"@id\":\"https:\/\/tkg-duisburg.de\/#\/schema\/person\/5a5b174492de297d4b57e9a3d89564ee\",\"name\":\"Bj\u00f6rn Becker\",\"image\":{\"@type\":\"ImageObject\",\"inLanguage\":\"de\",\"@id\":\"https:\/\/tkg-duisburg.de\/#\/schema\/person\/image\/\",\"url\":\"https:\/\/secure.gravatar.com\/avatar\/c7690b9f448fdd19e7a021d2d0201faa0dc70513a48fc7103388e3231c3056a4?s=96&d=mm&r=g\",\"contentUrl\":\"https:\/\/secure.gravatar.com\/avatar\/c7690b9f448fdd19e7a021d2d0201faa0dc70513a48fc7103388e3231c3056a4?s=96&d=mm&r=g\",\"caption\":\"Bj\u00f6rn Becker\"},\"url\":\"https:\/\/tkg-duisburg.de\/?author=5\"}]}<\/script>\n<!-- \/ Yoast SEO plugin. -->","yoast_head_json":{"title":"Gesichter des Reviers - Theodor K\u00f6nig Gesamtschule Duisburg","robots":{"index":"index","follow":"follow","max-snippet":"max-snippet:-1","max-image-preview":"max-image-preview:large","max-video-preview":"max-video-preview:-1"},"canonical":"https:\/\/tkg-duisburg.de\/?p=9296","og_locale":"de_DE","og_type":"article","og_title":"Gesichter des Reviers - Theodor K\u00f6nig Gesamtschule Duisburg","og_description":"Im Rahmen des Projekts \u201eGESICHTER DES REVIERS \u2013 Vom Ankommen und Dazugeh\u00f6ren\u201c der Brost-Stiftung besuchte der Schauspieler und Fotograf Armin Rohde am 9. Oktober 2025 unsere Schule, um unsere Referendarin Nurdan Kanikurumaz zu portr\u00e4tieren.&nbsp;Im Anschluss an das Fotoshooting hielt er sich noch l\u00e4nger in der Schule auf und unterhielt sich mit einigen Kolleginnen und Kollegen. &hellip; Gesichter des Reviers weiterlesen &rarr;","og_url":"https:\/\/tkg-duisburg.de\/?p=9296","og_site_name":"Theodor K\u00f6nig Gesamtschule Duisburg","article_published_time":"2026-04-28T10:03:54+00:00","article_modified_time":"2026-04-28T10:03:55+00:00","og_image":[{"url":"https:\/\/tkg-duisburg.de\/wp-content\/uploads\/2026\/04\/2026-04-25-Ausstellungseroeffnung-1024x714.jpeg"}],"author":"Bj\u00f6rn Becker","twitter_card":"summary_large_image","twitter_misc":{"Verfasst von":"Bj\u00f6rn Becker","Gesch\u00e4tzte Lesezeit":"2\u00a0Minuten"},"schema":{"@context":"https:\/\/schema.org","@graph":[{"@type":"WebPage","@id":"https:\/\/tkg-duisburg.de\/?p=9296","url":"https:\/\/tkg-duisburg.de\/?p=9296","name":"Gesichter des Reviers - Theodor K\u00f6nig Gesamtschule Duisburg","isPartOf":{"@id":"https:\/\/tkg-duisburg.de\/#website"},"primaryImageOfPage":{"@id":"https:\/\/tkg-duisburg.de\/?p=9296#primaryimage"},"image":{"@id":"https:\/\/tkg-duisburg.de\/?p=9296#primaryimage"},"thumbnailUrl":"https:\/\/tkg-duisburg.de\/wp-content\/uploads\/2026\/04\/2026-04-25-Ausstellungseroeffnung-1024x714.jpeg","datePublished":"2026-04-28T10:03:54+00:00","dateModified":"2026-04-28T10:03:55+00:00","author":{"@id":"https:\/\/tkg-duisburg.de\/#\/schema\/person\/5a5b174492de297d4b57e9a3d89564ee"},"breadcrumb":{"@id":"https:\/\/tkg-duisburg.de\/?p=9296#breadcrumb"},"inLanguage":"de","potentialAction":[{"@type":"ReadAction","target":["https:\/\/tkg-duisburg.de\/?p=9296"]}]},{"@type":"ImageObject","inLanguage":"de","@id":"https:\/\/tkg-duisburg.de\/?p=9296#primaryimage","url":"https:\/\/tkg-duisburg.de\/wp-content\/uploads\/2026\/04\/2026-04-25-Ausstellungseroeffnung.jpeg","contentUrl":"https:\/\/tkg-duisburg.de\/wp-content\/uploads\/2026\/04\/2026-04-25-Ausstellungseroeffnung.jpeg","width":2537,"height":1770},{"@type":"BreadcrumbList","@id":"https:\/\/tkg-duisburg.de\/?p=9296#breadcrumb","itemListElement":[{"@type":"ListItem","position":1,"name":"Startseite","item":"https:\/\/tkg-duisburg.de\/"},{"@type":"ListItem","position":2,"name":"Gesichter des Reviers"}]},{"@type":"WebSite","@id":"https:\/\/tkg-duisburg.de\/#website","url":"https:\/\/tkg-duisburg.de\/","name":"Theodor K\u00f6nig Gesamtschule Duisburg","description":"","potentialAction":[{"@type":"SearchAction","target":{"@type":"EntryPoint","urlTemplate":"https:\/\/tkg-duisburg.de\/?s={search_term_string}"},"query-input":"required name=search_term_string"}],"inLanguage":"de"},{"@type":"Person","@id":"https:\/\/tkg-duisburg.de\/#\/schema\/person\/5a5b174492de297d4b57e9a3d89564ee","name":"Bj\u00f6rn Becker","image":{"@type":"ImageObject","inLanguage":"de","@id":"https:\/\/tkg-duisburg.de\/#\/schema\/person\/image\/","url":"https:\/\/secure.gravatar.com\/avatar\/c7690b9f448fdd19e7a021d2d0201faa0dc70513a48fc7103388e3231c3056a4?s=96&d=mm&r=g","contentUrl":"https:\/\/secure.gravatar.com\/avatar\/c7690b9f448fdd19e7a021d2d0201faa0dc70513a48fc7103388e3231c3056a4?s=96&d=mm&r=g","caption":"Bj\u00f6rn Becker"},"url":"https:\/\/tkg-duisburg.de\/?author=5"}]}},"_links":{"self":[{"href":"https:\/\/tkg-duisburg.de\/index.php?rest_route=\/wp\/v2\/posts\/9296","targetHints":{"allow":["GET"]}}],"collection":[{"href":"https:\/\/tkg-duisburg.de\/index.php?rest_route=\/wp\/v2\/posts"}],"about":[{"href":"https:\/\/tkg-duisburg.de\/index.php?rest_route=\/wp\/v2\/types\/post"}],"author":[{"embeddable":true,"href":"https:\/\/tkg-duisburg.de\/index.php?rest_route=\/wp\/v2\/users\/5"}],"replies":[{"embeddable":true,"href":"https:\/\/tkg-duisburg.de\/index.php?rest_route=%2Fwp%2Fv2%2Fcomments&post=9296"}],"version-history":[{"count":1,"href":"https:\/\/tkg-duisburg.de\/index.php?rest_route=\/wp\/v2\/posts\/9296\/revisions"}],"predecessor-version":[{"id":9300,"href":"https:\/\/tkg-duisburg.de\/index.php?rest_route=\/wp\/v2\/posts\/9296\/revisions\/9300"}],"wp:attachment":[{"href":"https:\/\/tkg-duisburg.de\/index.php?rest_route=%2Fwp%2Fv2%2Fmedia&parent=9296"}],"wp:term":[{"taxonomy":"category","embeddable":true,"href":"https:\/\/tkg-duisburg.de\/index.php?rest_route=%2Fwp%2Fv2%2Fcategories&post=9296"},{"taxonomy":"post_tag","embeddable":true,"href":"https:\/\/tkg-duisburg.de\/index.php?rest_route=%2Fwp%2Fv2%2Ftags&post=9296"}],"curies":[{"name":"wp","href":"https:\/\/api.w.org\/{rel}","templated":true}]}}